{"id":13693,"date":"2025-01-30T11:46:38","date_gmt":"2025-01-30T08:46:38","guid":{"rendered":"https:\/\/www.egemtv.com\/?p=13693"},"modified":"2025-01-30T11:46:40","modified_gmt":"2025-01-30T08:46:40","slug":"baskan-gunaydan-imamogluna-hibe-arac-icin-tesekkur","status":"publish","type":"post","link":"https:\/\/www.egemtv.com\/?p=13693","title":{"rendered":"Ba\u015fkan G\u00fcnay\u2019dan \u0130mamo\u011flu\u2019na hibe ara\u00e7 i\u00e7in te\u015fekk\u00fcr"},"content":{"rendered":"<p>T\u00fcrkiye Belediyeler Birli\u011fi (TBB) taraf\u0131ndan Ankara G\u00f6lba\u015f\u0131nda d\u00fczenlenen t\u00f6renle 34 il ve il\u00e7eye teslim edilen ara\u00e7lardan biri de G\u00fczelbah\u00e7e Belediyesine ula\u015ft\u0131. Ba\u015fkan G\u00fcnay, hibe edilen bir adet \u00e7\u00f6p kamyonu ile ilgili duydu\u011fu memnuniyeti ifade ederek, \u0130stanbul B\u00fcy\u00fck\u015fehir ve T\u00fcrkiye Belediyeler Birli\u011fi Ba\u015fkan\u0131 Say\u0131n Ekrem \u0130mamo\u011flu\u2019na te\u015fekk\u00fcr etti.<br \/>\n<br \/>Bu t\u00fcr desteklerin \u00e7ok de\u011ferli oldu\u011funu ve hizmet kalitesine katk\u0131 sa\u011flad\u0131\u011f\u0131n\u0131 belirten G\u00fczelbah\u00e7e Belediye Ba\u015fkan\u0131 Mustafa G\u00fcnay, \u2018\u2018T\u00fcrkiye Belediyeler Birli\u011fi, parti ayr\u0131m\u0131 yapmaks\u0131z\u0131n dayan\u0131\u015fma i\u00e7inde do\u011fudan bat\u0131ya, kuzeyden g\u00fcneye t\u00fcm belediyelere hibe ara\u00e7 deste\u011finde bulundu ve bulunmaya devam ediyor. 7 ayda 246 hibe ara\u00e7 ciddi bir destek. Bu deste\u011fi bizlere sa\u011flayan \u0130stanbul B\u00fcy\u00fck\u015fehir ve T\u00fcrkiye Belediyeler Birli\u011fi Ba\u011flan\u0131m\u0131z Say\u0131n Ekrem \u0130mamo\u011flu ve y\u00f6netimine te\u015fekk\u00fcr ediyoruz. Bu t\u00fcr hibeler \u00f6zellikle biz k\u00fc\u00e7\u00fck belediyeler i\u00e7in b\u00fcy\u00fck desteklere d\u00f6n\u00fc\u015f\u00fcyor. Bizlerin, vatanda\u015flar\u0131m\u0131za sunaca\u011f\u0131 hizmet kalitesi daha da art\u0131yor\u201d dedi.<\/p>\n<p>&#8220;Gelece\u011fe temiz bir iz b\u0131rak\u0131yoruz&#8221;<br \/>\n<br \/>AB \u0130klim N\u00f6tr ve Ak\u0131ll\u0131 \u015eehirler Misyonu\u2019na d\u00e2hil olan \u0130zmir\u2019in 2030 y\u0131l\u0131nda s\u0131f\u0131r karbon hedefine, G\u00fczelbah\u00e7e Belediyesi de y\u00fczde 100 elektrikli yol s\u00fcp\u00fcrme ara\u00e7lar\u0131n\u0131 hizmete sunarak katk\u0131 sunacak. G\u00fczelbah\u00e7eliler\u2019in taleplerine daha h\u0131zl\u0131 ve etkili \u00e7\u00f6z\u00fcm sunmak i\u00e7in ara\u00e7 filosunu \u00e7evreci, ileri teknolojiye sahip, sessiz \u00e7al\u0131\u015fan yol s\u00fcp\u00fcrme haricinde ila\u00e7lama ve konteyner y\u0131kamada yap\u0131labilen yol s\u00fcp\u00fcrme ara\u00e7lar\u0131n\u0131 katt\u0131klar\u0131n\u0131 s\u00f6yleyen G\u00fczelbah\u00e7e Belediye ba\u015fkan\u0131 Mustafa G\u00fcnay, \u201c\u0130l\u00e7emizde ikamet eden vatanda\u015flar\u0131m\u0131z\u0131n hava kalitesi daha y\u00fcksek, daha etkin bir at\u0131k y\u00f6netiminin sa\u011fland\u0131\u011f\u0131, daha temiz bir \u00e7evrede ya\u015famalar\u0131 i\u00e7in s\u00fcrd\u00fcrd\u00fc\u011f\u00fcm\u00fcz \u00e7al\u0131\u015fmalar\u0131m\u0131z her ge\u00e7en g\u00fcn yenisini ekleyerek devam ediyoruz. Bu projemizi 6 ay \u00f6nce deneme arac\u0131 olarak ba\u015flatm\u0131\u015ft\u0131k. Verim ald\u0131ktan sonra G\u00fczelbah\u00e7e\u2019nin her mahallesine bir temizlik arac\u0131 s\u00f6z\u00fcm\u00fcz\u00fc yerine getiriyoruz. \u015eimdi 4 temizlik arac\u0131m\u0131z\u0131 ald\u0131k. N\u00fcfusun yo\u011fun oldu\u011fu mahallelerde ara\u00e7lar hizmete ba\u015flad\u0131. T\u00fcm sokaklar\u0131m\u0131z art\u0131k tertemiz olacak. Tabii ki en b\u00fcy\u00fck temizlik kirletmemektir. G\u00fczelbah\u00e7eli vatanda\u015flar\u0131m\u0131z\u0131n bu konudaki duyarl\u0131l\u0131\u011f\u0131 bizim i\u00e7in \u00e7ok \u00f6nemli. Kirletmemek en b\u00fcy\u00fck temizliktir. Buna dikkat edersek daha g\u00fczel bir G\u00fczelbah\u00e7e\u2019de ya\u015fam\u0131\u015f olaca\u011f\u0131z\u201d diye konu\u015ftu.<br \/><\/p>\n","protected":false},"excerpt":{"rendered":"<p>T\u00fcrkiye Belediyeler Birli\u011fi (TBB) taraf\u0131ndan Ankara G\u00f6lba\u015f\u0131nda d\u00fczenlenen t\u00f6renle 34 il ve il\u00e7eye teslim edilen ara\u00e7lardan biri de G\u00fczelbah\u00e7e Belediyesine ula\u015ft\u0131. Ba\u015fkan G\u00fcnay, hibe edilen bir adet \u00e7\u00f6p kamyonu ile ilgili duydu\u011fu memnuniyeti ifade ederek, \u0130stanbul B\u00fcy\u00fck\u015fehir ve T\u00fcrkiye Belediyeler Birli\u011fi Ba\u015fkan\u0131 Say\u0131n Ekrem \u0130mamo\u011flu\u2019na te\u015fekk\u00fcr etti. Bu t\u00fcr desteklerin \u00e7ok de\u011ferli oldu\u011funu ve hizmet&#8230;<\/p>\n","protected":false},"author":1,"featured_media":13694,"comment_status":"open","ping_status":"open","sticky":false,"template":"","format":"standard","meta":{"_crdt_document":"","footnotes":""},"categories":[1],"tags":[],"class_list":["post-13693","post","type-post","status-publish","format-standard","has-post-thumbnail","hentry","category-guncel"],"_links":{"self":[{"href":"https:\/\/www.egemtv.com\/index.php?rest_route=\/wp\/v2\/posts\/13693","targetHints":{"allow":["GET"]}}],"collection":[{"href":"https:\/\/www.egemtv.com\/index.php?rest_route=\/wp\/v2\/posts"}],"about":[{"href":"https:\/\/www.egemtv.com\/index.php?rest_route=\/wp\/v2\/types\/post"}],"author":[{"embeddable":true,"href":"https:\/\/www.egemtv.com\/index.php?rest_route=\/wp\/v2\/users\/1"}],"replies":[{"embeddable":true,"href":"https:\/\/www.egemtv.com\/index.php?rest_route=%2Fwp%2Fv2%2Fcomments&post=13693"}],"version-history":[{"count":1,"href":"https:\/\/www.egemtv.com\/index.php?rest_route=\/wp\/v2\/posts\/13693\/revisions"}],"predecessor-version":[{"id":13695,"href":"https:\/\/www.egemtv.com\/index.php?rest_route=\/wp\/v2\/posts\/13693\/revisions\/13695"}],"wp:featuredmedia":[{"embeddable":true,"href":"https:\/\/www.egemtv.com\/index.php?rest_route=\/wp\/v2\/media\/13694"}],"wp:attachment":[{"href":"https:\/\/www.egemtv.com\/index.php?rest_route=%2Fwp%2Fv2%2Fmedia&parent=13693"}],"wp:term":[{"taxonomy":"category","embeddable":true,"href":"https:\/\/www.egemtv.com\/index.php?rest_route=%2Fwp%2Fv2%2Fcategories&post=13693"},{"taxonomy":"post_tag","embeddable":true,"href":"https:\/\/www.egemtv.com\/index.php?rest_route=%2Fwp%2Fv2%2Ftags&post=13693"}],"curies":[{"name":"wp","href":"https:\/\/api.w.org\/{rel}","templated":true}]}}