{"id":13690,"date":"2025-01-30T11:43:28","date_gmt":"2025-01-30T08:43:28","guid":{"rendered":"https:\/\/www.egemtv.com\/?p=13690"},"modified":"2025-01-30T11:43:30","modified_gmt":"2025-01-30T08:43:30","slug":"izto-baskani-ozgener-2025-2027-orta-vadeli-program-hedefleri-olumlu","status":"publish","type":"post","link":"https:\/\/www.egemtv.com\/?p=13690","title":{"rendered":"\u0130ZTO Ba\u015fkan\u0131 \u00d6zgener: &#8220;2025-2027 Orta Vadeli Program hedefleri olumlu&#8221;"},"content":{"rendered":"<p>\u0130ZM\u0130R Ticaret Odas\u0131 (\u0130ZTO) Y\u00f6netim Kurulu Ba\u015fkan\u0131 Mahmut \u00d6zgener, \u201c2025-2027 Orta Vadeli Program\u2019da a\u00e7\u0131klanan i\u015f g\u00fcc\u00fc reformu ba\u015fta olmak \u00fczere; sanayi, \u00fcretim, yat\u0131r\u0131m, e\u011fitim, tar\u0131m ve vergi gibi alanlarda konulan hedefleri olumlu buluyoruz. Bu alanlardaki \u00e7al\u0131\u015fmalar\u0131n, enflasyonu d\u00fc\u015f\u00fcrmenin maliyetini azalt\u0131rken, ekonomik alandaki uzun d\u00f6nemli ba\u015far\u0131 \u015fans\u0131n\u0131 daha da art\u0131racak\u201d dedi.<br \/>\n<br \/>\u0130ZTO ocak ay\u0131 ola\u011fan meclis toplant\u0131s\u0131, Meclis Ba\u015fkan\u0131 Selami \u00d6zpoyraz idaresinde \u0130ZTO Toplant\u0131 Salonu\u2019nda ger\u00e7ekle\u015ftirildi. Toplant\u0131daki konu\u015fmas\u0131na, hayat\u0131n\u0131 kaybeden \u0130zmirli televizyon sunucusu Erhan \u00d6nel\u2019e rahmet dileyerek ba\u015flayan \u0130ZTO Y\u00f6netim Kurulu Ba\u015fkan\u0131 Mahmut \u00d6zgener, \u201c\u015eu anda turizm tesislerinde yang\u0131n denetimi kurulu\u015f i\u015flemleri esnas\u0131nda yap\u0131l\u0131yor. Sonras\u0131nda tesiste, tadilat ve d\u00fczenleme yap\u0131lmad\u0131\u011f\u0131 s\u00fcrece bir kontrol zorunlulu\u011fu \u00f6ng\u00f6r\u00fclm\u00fcyor. Yang\u0131na uygun teknolojiler her ge\u00e7en g\u00fcn geli\u015firken, ihtiya\u00e7 duyulan yeni d\u00fczenlemenin bir an \u00f6nce hayata ge\u00e7mesini ve bu belirsizli\u011fin tamamen ortadan kalkmas\u0131n\u0131 umuyoruz. Yeni bir yasal d\u00fczenleme ile, turizm tesislerinin yang\u0131n denetimlerinin ne s\u0131kl\u0131kla yap\u0131laca\u011f\u0131, tesisi ziyaret edenlerin s\u00f6z konusu denetimleri a\u00e7\u0131k\u00e7a g\u00f6rebilece\u011fi bir bilgilendirme levhas\u0131n\u0131n, gerek fiziksel olarak tesisin i\u00e7inde gerek ise dijital ortamda ula\u015f\u0131labilir olmas\u0131 \u00f6nem ta\u015f\u0131yor\u201d diye konu\u015ftu.<\/p>\n<p>\u201cCevdet Y\u0131lmaz\u2019a ekonomik konulardaki \u00f6nerilerimizi aktard\u0131k\u201d<br \/>\n<br \/>\u0130zmir i\u015f d\u00fcnyas\u0131 olarak bir s\u00fcre \u00f6nce Cumhurba\u015fkan\u0131 Yard\u0131mc\u0131s\u0131 Cevdet Y\u0131lmaz ile g\u00f6r\u00fc\u015ft\u00fcklerini anlatan \u00d6zgener, \u201cGenel ekonomik konular hakk\u0131ndaki g\u00f6r\u00fc\u015flerimizi ve \u00f6nerilerimizi aktard\u0131k. Sekt\u00f6rlerimize y\u00f6nelik \u00f6neri ve beklentilerimizi i\u00e7eren kapsaml\u0131 raporu Cumhurba\u015fkan\u0131 Yard\u0131mc\u0131m\u0131za sunduk. Meclis \u00dcyelerimiz tar\u0131m-g\u0131da, sanayi, in\u015faat, turizm, sa\u011fl\u0131k sekt\u00f6rlerine y\u00f6nelik konular\u0131 bizzat dile getirme f\u0131rsat\u0131 buldular. 2025-2027 Orta Vadeli Program\u2019da a\u00e7\u0131klanan i\u015f g\u00fcc\u00fc reformu ba\u015fta olmak \u00fczere; sanayi, \u00fcretim, yat\u0131r\u0131m, e\u011fitim, tar\u0131m ve vergi gibi alanlarda konulan hedefleri olumlu buldu\u011fumuzu ilettik. Bu alanlardaki \u00e7al\u0131\u015fmalar\u0131n, enflasyonu d\u00fc\u015f\u00fcrmenin maliyetini azalt\u0131rken, ekonomik alandaki uzun d\u00f6nemli ba\u015far\u0131 \u015fans\u0131n\u0131 daha da art\u0131raca\u011f\u0131n\u0131 payla\u015ft\u0131k. Ekonomik program\u0131n kararl\u0131l\u0131kla uygulanmas\u0131 ve makro ihtiyati tedbirlerin hafifletilmesi sonucunda; cari dengenin d\u00fczelmesi, Merkez Bankas\u0131 rezervlerinin \u00e7o\u011falmas\u0131, Kur Korumal\u0131 Mevduat\u2019\u0131n azalarak T\u00fcrk Liras\u0131 varl\u0131klara olan ilginin artmas\u0131 ve \u00fclkemizin kredi risk priminin d\u00fc\u015fmesi gibi geli\u015fmelere ba\u011fl\u0131 olarak \u00fclkemize yat\u0131r\u0131mc\u0131 ilgi ve g\u00fcveninin artt\u0131\u011f\u0131n\u0131 vurgulad\u0131k\u201d a\u00e7\u0131klamalar\u0131nda bulundu.<\/p>\n<p>\u201c\u0130hracata dayal\u0131 bir b\u00fcy\u00fcme ve kalk\u0131nma modeline h\u0131zla ge\u00e7ilmeli\u201d<br \/>\n<br \/>Enflasyonu d\u00fc\u015f\u00fcrme \u00f6nceli\u011fi ile \u00e7al\u0131\u015fan Merkez Bankas\u0131n\u0131n, son d\u00f6nemde para politikalar\u0131n\u0131 kararl\u0131l\u0131kla y\u00fcr\u00fctmekte oldu\u011fundan bahseden \u00d6zgener, \u015funlar\u0131 kaydetti:<br \/>\n<br \/>&#8220;Para politikalar\u0131n\u0131n, maliye, \u00fccret politikalar\u0131 ve yap\u0131sal reformlarla desteklenmesi piyasada g\u00fcveni peki\u015ftirecek ve reel sekt\u00f6r maliyetlerini azaltacak. Ekonomik istikrar\u0131m\u0131z\u0131n devam\u0131 i\u00e7in b\u00fcy\u00fcmenin kompozisyonunu da de\u011fi\u015ftirmemiz gerekmektedir. Bunun i\u00e7in de y\u00fcksek i\u00e7 talebin ve ithalat\u0131n y\u00f6nlendirdi\u011fi b\u00fcy\u00fcmeden, \u00fcretime, sabit yat\u0131r\u0131mlara ve ileri teknoloji pay\u0131n\u0131n artt\u0131\u011f\u0131 ihracata dayal\u0131 bir b\u00fcy\u00fcme ve kalk\u0131nma modeline h\u0131zla ge\u00e7memiz gerekmektedir.\u201d<br \/>\n<br \/>ABD\u2019nin 47\u2019nci Ba\u015fkan\u0131 Donald Trump\u2019\u0131n g\u00f6revine ba\u015flamas\u0131yla birlikte, yeni d\u00f6nemde g\u00fcmr\u00fck vergilerinin y\u00fckselmesinin enflasyonist riskleri do\u011furabilece\u011fini s\u00f6yleyen \u00d6zgener, \u201cKorumac\u0131 politikalar\u0131n d\u00fcnya genelinde enflasyonun d\u00fc\u015fme h\u0131z\u0131n\u0131 azaltabilece\u011fini ve b\u00fcy\u00fck merkez bankalar\u0131n\u0131n, \u00f6zellikle FED\u2019in faiz indirimlerinin d\u00fc\u015f\u00fck kalma ihtimalini g\u00f6zlemliyoruz. FED\u2019in bu geli\u015fmeler do\u011frultusunda y\u0131ll\u0131k faiz beklentisinin ise 50 puandan 25\u2019e indi\u011fini g\u00f6r\u00fcyoruz. 2025 y\u0131l\u0131 genelinde sadece bir faiz indiriminin yap\u0131lmas\u0131n\u0131n beklendi\u011fi dile getiriliyor. Bu yakla\u015f\u0131m, global para ak\u0131\u015f h\u0131z\u0131n\u0131 ve beraberinde \u00fclkemiz ekonomisini de etkileyebilecek bir durum olu\u015fturuyor\u201d dedi.<br \/><\/p>\n","protected":false},"excerpt":{"rendered":"<p>\u0130ZM\u0130R Ticaret Odas\u0131 (\u0130ZTO) Y\u00f6netim Kurulu Ba\u015fkan\u0131 Mahmut \u00d6zgener, \u201c2025-2027 Orta Vadeli Program\u2019da a\u00e7\u0131klanan i\u015f g\u00fcc\u00fc reformu ba\u015fta olmak \u00fczere; sanayi, \u00fcretim, yat\u0131r\u0131m, e\u011fitim, tar\u0131m ve vergi gibi alanlarda konulan hedefleri olumlu buluyoruz. Bu alanlardaki \u00e7al\u0131\u015fmalar\u0131n, enflasyonu d\u00fc\u015f\u00fcrmenin maliyetini azalt\u0131rken, ekonomik alandaki uzun d\u00f6nemli ba\u015far\u0131 \u015fans\u0131n\u0131 daha da art\u0131racak\u201d dedi. \u0130ZTO ocak ay\u0131 ola\u011fan meclis&#8230;<\/p>\n","protected":false},"author":1,"featured_media":13691,"comment_status":"open","ping_status":"open","sticky":false,"template":"","format":"standard","meta":{"_crdt_document":"","footnotes":""},"categories":[125],"tags":[],"class_list":["post-13690","post","type-post","status-publish","format-standard","has-post-thumbnail","hentry","category-ekonomi"],"_links":{"self":[{"href":"https:\/\/www.egemtv.com\/index.php?rest_route=\/wp\/v2\/posts\/13690","targetHints":{"allow":["GET"]}}],"collection":[{"href":"https:\/\/www.egemtv.com\/index.php?rest_route=\/wp\/v2\/posts"}],"about":[{"href":"https:\/\/www.egemtv.com\/index.php?rest_route=\/wp\/v2\/types\/post"}],"author":[{"embeddable":true,"href":"https:\/\/www.egemtv.com\/index.php?rest_route=\/wp\/v2\/users\/1"}],"replies":[{"embeddable":true,"href":"https:\/\/www.egemtv.com\/index.php?rest_route=%2Fwp%2Fv2%2Fcomments&post=13690"}],"version-history":[{"count":1,"href":"https:\/\/www.egemtv.com\/index.php?rest_route=\/wp\/v2\/posts\/13690\/revisions"}],"predecessor-version":[{"id":13692,"href":"https:\/\/www.egemtv.com\/index.php?rest_route=\/wp\/v2\/posts\/13690\/revisions\/13692"}],"wp:featuredmedia":[{"embeddable":true,"href":"https:\/\/www.egemtv.com\/index.php?rest_route=\/wp\/v2\/media\/13691"}],"wp:attachment":[{"href":"https:\/\/www.egemtv.com\/index.php?rest_route=%2Fwp%2Fv2%2Fmedia&parent=13690"}],"wp:term":[{"taxonomy":"category","embeddable":true,"href":"https:\/\/www.egemtv.com\/index.php?rest_route=%2Fwp%2Fv2%2Fcategories&post=13690"},{"taxonomy":"post_tag","embeddable":true,"href":"https:\/\/www.egemtv.com\/index.php?rest_route=%2Fwp%2Fv2%2Ftags&post=13690"}],"curies":[{"name":"wp","href":"https:\/\/api.w.org\/{rel}","templated":true}]}}