{"id":13684,"date":"2025-01-30T11:41:39","date_gmt":"2025-01-30T08:41:39","guid":{"rendered":"https:\/\/www.egemtv.com\/?p=13684"},"modified":"2025-01-30T11:41:41","modified_gmt":"2025-01-30T08:41:41","slug":"aliaga-bilsem-ogrencilerinden-resim-sergisi-ve-piyano-konseri-bir-arada","status":"publish","type":"post","link":"https:\/\/www.egemtv.com\/?p=13684","title":{"rendered":"Alia\u011fa B\u0130LSEM \u00f6\u011frencilerinden resim sergisi ve piyano konseri bir arada"},"content":{"rendered":"<p>Alia\u011fa Haba\u015f Mehmet R\u00fc\u015ft\u00fc Ba\u015faran Bilim ve Sanat Merkezi (B\u0130LSEM) \u00f6\u011frencileri, hem resim sergisinde eserlerini tan\u0131tt\u0131 hem piyano konseriyle davetlilere m\u00fczik ziyafeti sundu.<br \/>\n<br \/>\u0130zmir Cumhuriyet E\u011fitimi M\u00fczesi\u2019nde G\u00f6rsel Sanatlar \u00d6\u011fretmeni Evrim Erkol Kerimo\u011flu\u2019nun rehberli\u011finde haz\u0131rlanan resim sergisinde, Azra Cerhal, Elif Eda D\u00fcndar, Neva K\u00fc\u00e7\u00fck, Tuana Nur Avc\u0131, Zeynep Tun\u00e7, Zeynep \u00dclk\u00fc \u00d6zel, Bade Ba\u015fyi\u011fit, Ece Din\u00e7, Ecem Sapmaz, G\u00f6k\u00e7en Karabulut, H\u00fcma Korkmaz, \u0130nci Lale Cebecik ve Rosida Defne Y\u0131ld\u0131r\u0131m\u2019\u0131n eserleri yer ald\u0131. \u00d6\u011frenciler, &#8220;Kad\u0131n ve \u00c7ocuk&#8221; temas\u0131yla haz\u0131rlad\u0131klar\u0131 \u00e7al\u0131\u015fmalarda, kad\u0131n\u0131n toplumdaki yerini, \u00e7ocuklar\u0131n masumiyetini ve gelece\u011fe dair umutlar\u0131n\u0131 yans\u0131tt\u0131.<br \/>\n<br \/>Konser b\u00f6l\u00fcm\u00fcnde ise Kerem Kavu\u015ft\u0131, \u00c7\u0131nar Derin, G\u00f6ktu\u011f A\u015faro\u011fullar\u0131 ve Asl\u0131 Atalay\u2019\u0131n piyano performanslar\u0131 b\u00fcy\u00fck be\u011feni toplad\u0131. Gen\u00e7 yetenekler, izleyicilere unutulmaz bir m\u00fczik ziyafeti sundu.<br \/>\n<br \/>\u0130zmir Cumhuriyet E\u011fitimi M\u00fczesi\u2019nin ev sahipli\u011fi yapt\u0131\u011f\u0131 bu anlaml\u0131 etkinlik, sanat ve e\u011fitimi bir araya getirerek \u00f6\u011frencilerin geli\u015fimine katk\u0131 sa\u011flad\u0131. Kat\u0131l\u0131mc\u0131lar, \u00f6\u011frencilerin yarat\u0131c\u0131 eserlerini inceleyerek onlar\u0131n sanatsal ve akademik geli\u015fimlerini yak\u0131ndan g\u00f6zlemleme f\u0131rsat\u0131 buldu.<br \/>\n<br \/>Etkinli\u011fe, \u0130zmir \u0130l Milli E\u011fitim M\u00fcd\u00fcr Yard\u0131mc\u0131s\u0131 Firdevs \u00c7atalakaya, \u0130l Milli E\u011fitim \u015eube M\u00fcd\u00fcr\u00fc Do\u00e7. Dr. \u00d6zden \u00d6lmez Ceylan, \u0130zmir Cumhuriyet E\u011fitim M\u00fczesi\u2019nden Erol Keklik, Alia\u011fa B\u0130LSEM M\u00fcd\u00fcr\u00fc Alev \u00c7elik, \u00f6\u011fretmenler, veliler ve \u00f6\u011frenciler kat\u0131ld\u0131.<br \/><\/p>\n","protected":false},"excerpt":{"rendered":"<p>Alia\u011fa Haba\u015f Mehmet R\u00fc\u015ft\u00fc Ba\u015faran Bilim ve Sanat Merkezi (B\u0130LSEM) \u00f6\u011frencileri, hem resim sergisinde eserlerini tan\u0131tt\u0131 hem piyano konseriyle davetlilere m\u00fczik ziyafeti sundu. \u0130zmir Cumhuriyet E\u011fitimi M\u00fczesi\u2019nde G\u00f6rsel Sanatlar \u00d6\u011fretmeni Evrim Erkol Kerimo\u011flu\u2019nun rehberli\u011finde haz\u0131rlanan resim sergisinde, Azra Cerhal, Elif Eda D\u00fcndar, Neva K\u00fc\u00e7\u00fck, Tuana Nur Avc\u0131, Zeynep Tun\u00e7, Zeynep \u00dclk\u00fc \u00d6zel, Bade Ba\u015fyi\u011fit, Ece&#8230;<\/p>\n","protected":false},"author":1,"featured_media":13685,"comment_status":"open","ping_status":"open","sticky":false,"template":"","format":"standard","meta":{"_crdt_document":"","footnotes":""},"categories":[1],"tags":[],"class_list":["post-13684","post","type-post","status-publish","format-standard","has-post-thumbnail","hentry","category-guncel"],"_links":{"self":[{"href":"https:\/\/www.egemtv.com\/index.php?rest_route=\/wp\/v2\/posts\/13684","targetHints":{"allow":["GET"]}}],"collection":[{"href":"https:\/\/www.egemtv.com\/index.php?rest_route=\/wp\/v2\/posts"}],"about":[{"href":"https:\/\/www.egemtv.com\/index.php?rest_route=\/wp\/v2\/types\/post"}],"author":[{"embeddable":true,"href":"https:\/\/www.egemtv.com\/index.php?rest_route=\/wp\/v2\/users\/1"}],"replies":[{"embeddable":true,"href":"https:\/\/www.egemtv.com\/index.php?rest_route=%2Fwp%2Fv2%2Fcomments&post=13684"}],"version-history":[{"count":1,"href":"https:\/\/www.egemtv.com\/index.php?rest_route=\/wp\/v2\/posts\/13684\/revisions"}],"predecessor-version":[{"id":13686,"href":"https:\/\/www.egemtv.com\/index.php?rest_route=\/wp\/v2\/posts\/13684\/revisions\/13686"}],"wp:featuredmedia":[{"embeddable":true,"href":"https:\/\/www.egemtv.com\/index.php?rest_route=\/wp\/v2\/media\/13685"}],"wp:attachment":[{"href":"https:\/\/www.egemtv.com\/index.php?rest_route=%2Fwp%2Fv2%2Fmedia&parent=13684"}],"wp:term":[{"taxonomy":"category","embeddable":true,"href":"https:\/\/www.egemtv.com\/index.php?rest_route=%2Fwp%2Fv2%2Fcategories&post=13684"},{"taxonomy":"post_tag","embeddable":true,"href":"https:\/\/www.egemtv.com\/index.php?rest_route=%2Fwp%2Fv2%2Ftags&post=13684"}],"curies":[{"name":"wp","href":"https:\/\/api.w.org\/{rel}","templated":true}]}}