{"id":13681,"date":"2025-01-30T11:28:45","date_gmt":"2025-01-30T08:28:45","guid":{"rendered":"https:\/\/www.egemtv.com\/?p=13681"},"modified":"2025-01-30T11:28:47","modified_gmt":"2025-01-30T08:28:47","slug":"aydin-buyuksehirde-eczacibasi-maci-hazirliklari-basladi","status":"publish","type":"post","link":"https:\/\/www.egemtv.com\/?p=13681","title":{"rendered":"Ayd\u0131n B\u00fcy\u00fck\u015fehir\u2019de, Eczac\u0131ba\u015f\u0131 ma\u00e7\u0131 haz\u0131rl\u0131klar\u0131 ba\u015flad\u0131"},"content":{"rendered":"<p>Ayd\u0131n B\u00fcy\u00fck\u015fehir Belediyespor, Vodafone Sultanlar Ligi\u2019nin 19. haftas\u0131nda kar\u015f\u0131la\u015faca\u011f\u0131 Eczac\u0131ba\u015f\u0131 ma\u00e7\u0131n\u0131n haz\u0131rl\u0131klar\u0131na ba\u015flad\u0131.<br \/>\n<br \/>Vodafone Sultanlar Ligi\u2019nin 19. haftas\u0131nda Eczac\u0131ba\u015f\u0131 ile m\u00fccadele edecek olan Ayd\u0131n B\u00fcy\u00fck\u015fehir Belediyespor, haz\u0131rl\u0131klar\u0131na ba\u015flad\u0131. Tak\u0131m\u0131n ba\u015far\u0131l\u0131 oyuncular\u0131ndan Cansu Ayd\u0131no\u011fullar\u0131, ge\u00e7en hafta oynanan Be\u015fikta\u015f ma\u00e7\u0131na dair de\u011ferlendirmelerde bulunurken, Eczac\u0131ba\u015f\u0131 kar\u015f\u0131la\u015fmas\u0131 \u00f6ncesinde de g\u00f6r\u00fc\u015flerini payla\u015ft\u0131.<\/p>\n<p>&#8220;Be\u015fikta\u015f ma\u00e7\u0131nda trib\u00fcnlerin deste\u011fi m\u00fcthi\u015fti&#8221;<br \/>\n<br \/>Be\u015fikta\u015f galibiyetinin \u00f6nemine vurgu yapan Cansu Ayd\u0131no\u011fullar\u0131, &#8220;Be\u015fikta\u015f ma\u00e7\u0131nda trib\u00fcnler ma\u00e7\u0131n sonuna kadar her dakika bizi destekledi ve \u00e7ok keyifli bir m\u00fccadele ortaya koyduk. Hedef ma\u00e7lar\u0131m\u0131zdan biriydi ve kazanmam\u0131z gerekiyordu. \u00c7ok \u00e7eki\u015fmeli bir kar\u015f\u0131la\u015fma oldu, \u00f6zellikle ikinci sette yapt\u0131\u011f\u0131m\u0131z geri d\u00f6n\u00fc\u015f bizim i\u00e7in \u00e7ok kritikti. Set sonlar\u0131n\u0131 iyi oynad\u0131\u011f\u0131m\u0131z\u0131 d\u00fc\u015f\u00fcn\u00fcyorum ve galibiyetle ayr\u0131ld\u0131\u011f\u0131m\u0131z i\u00e7in mutluyuz&#8221; dedi.<\/p>\n<p>&#8220;Eczac\u0131ba\u015f\u0131 g\u00fc\u00e7l\u00fc bir tak\u0131m, sahada sava\u015faca\u011f\u0131z\u201d<br \/>\n<br \/>Eczac\u0131ba\u015f\u0131 m\u00fcsabakas\u0131n\u0131 da de\u011ferlendiren Ayd\u0131no\u011fullar\u0131, &#8220;Eczac\u0131ba\u015f\u0131, \u015fu anda ligde lider konumda ve \u00e7ok g\u00fc\u00e7l\u00fc bir ekip. Daha \u00f6nce evimizde onlara kar\u015f\u0131 m\u00fccadele etmi\u015ftik. \u015eimdi kadrolar\u0131na bir oyuncu daha ekleyerek daha da g\u00fc\u00e7lendiler. Zorlu bir ma\u00e7 olacak ancak biz elimizden gelenin en iyisini yapaca\u011f\u0131z. Sahada her zaman oldu\u011fu gibi yine savaca\u011f\u0131z&#8221; ifadelerini kulland\u0131.<br \/><\/p>\n","protected":false},"excerpt":{"rendered":"<p>Ayd\u0131n B\u00fcy\u00fck\u015fehir Belediyespor, Vodafone Sultanlar Ligi\u2019nin 19. haftas\u0131nda kar\u015f\u0131la\u015faca\u011f\u0131 Eczac\u0131ba\u015f\u0131 ma\u00e7\u0131n\u0131n haz\u0131rl\u0131klar\u0131na ba\u015flad\u0131. Vodafone Sultanlar Ligi\u2019nin 19. haftas\u0131nda Eczac\u0131ba\u015f\u0131 ile m\u00fccadele edecek olan Ayd\u0131n B\u00fcy\u00fck\u015fehir Belediyespor, haz\u0131rl\u0131klar\u0131na ba\u015flad\u0131. Tak\u0131m\u0131n ba\u015far\u0131l\u0131 oyuncular\u0131ndan Cansu Ayd\u0131no\u011fullar\u0131, ge\u00e7en hafta oynanan Be\u015fikta\u015f ma\u00e7\u0131na dair de\u011ferlendirmelerde bulunurken, Eczac\u0131ba\u015f\u0131 kar\u015f\u0131la\u015fmas\u0131 \u00f6ncesinde de g\u00f6r\u00fc\u015flerini payla\u015ft\u0131. &#8220;Be\u015fikta\u015f ma\u00e7\u0131nda trib\u00fcnlerin deste\u011fi m\u00fcthi\u015fti&#8221; Be\u015fikta\u015f galibiyetinin \u00f6nemine&#8230;<\/p>\n","protected":false},"author":1,"featured_media":13682,"comment_status":"open","ping_status":"open","sticky":false,"template":"","format":"standard","meta":{"_crdt_document":"","footnotes":""},"categories":[4],"tags":[],"class_list":["post-13681","post","type-post","status-publish","format-standard","has-post-thumbnail","hentry","category-spor"],"_links":{"self":[{"href":"https:\/\/www.egemtv.com\/index.php?rest_route=\/wp\/v2\/posts\/13681","targetHints":{"allow":["GET"]}}],"collection":[{"href":"https:\/\/www.egemtv.com\/index.php?rest_route=\/wp\/v2\/posts"}],"about":[{"href":"https:\/\/www.egemtv.com\/index.php?rest_route=\/wp\/v2\/types\/post"}],"author":[{"embeddable":true,"href":"https:\/\/www.egemtv.com\/index.php?rest_route=\/wp\/v2\/users\/1"}],"replies":[{"embeddable":true,"href":"https:\/\/www.egemtv.com\/index.php?rest_route=%2Fwp%2Fv2%2Fcomments&post=13681"}],"version-history":[{"count":1,"href":"https:\/\/www.egemtv.com\/index.php?rest_route=\/wp\/v2\/posts\/13681\/revisions"}],"predecessor-version":[{"id":13683,"href":"https:\/\/www.egemtv.com\/index.php?rest_route=\/wp\/v2\/posts\/13681\/revisions\/13683"}],"wp:featuredmedia":[{"embeddable":true,"href":"https:\/\/www.egemtv.com\/index.php?rest_route=\/wp\/v2\/media\/13682"}],"wp:attachment":[{"href":"https:\/\/www.egemtv.com\/index.php?rest_route=%2Fwp%2Fv2%2Fmedia&parent=13681"}],"wp:term":[{"taxonomy":"category","embeddable":true,"href":"https:\/\/www.egemtv.com\/index.php?rest_route=%2Fwp%2Fv2%2Fcategories&post=13681"},{"taxonomy":"post_tag","embeddable":true,"href":"https:\/\/www.egemtv.com\/index.php?rest_route=%2Fwp%2Fv2%2Ftags&post=13681"}],"curies":[{"name":"wp","href":"https:\/\/api.w.org\/{rel}","templated":true}]}}