{"id":13678,"date":"2025-01-30T11:22:07","date_gmt":"2025-01-30T08:22:07","guid":{"rendered":"https:\/\/www.egemtv.com\/?p=13678"},"modified":"2025-01-30T11:22:09","modified_gmt":"2025-01-30T08:22:09","slug":"manisada-minikler-icin-eglenceli-somestr-tatili","status":"publish","type":"post","link":"https:\/\/www.egemtv.com\/?p=13678","title":{"rendered":"Manisa\u2019da minikler i\u00e7in e\u011flenceli s\u00f6mestr tatili"},"content":{"rendered":"<p>Manisa B\u00fcy\u00fck\u015fehir Belediyesi, miniklerin s\u00f6mestr tatilini unutulmaz k\u0131lmak i\u00e7in birbirinden e\u011flenceli \u00e7ocuk filmleri g\u00f6sterimleri d\u00fczenledi. Etkinliklere kat\u0131lan 2 bin 500\u2019den fazla \u00e7ocuk, aileleriyle birlikte keyifli saatler ge\u00e7irdi.<br \/>\n<br \/>D\u00f6rt g\u00fcn boyunca s\u00fcren etkinliklerde, Manisal\u0131 \u00e7ocuklar; Troller, Paw Patrol, \u00c7\u0131lg\u0131n H\u0131rs\u0131z 4 ve The Ogglies gibi sevilen animasyon filmleriyle macera dolu bir d\u00fcnyaya ad\u0131m att\u0131. Troller ile kahkahalara bo\u011fulan, Paw Patrol ekibiyle birlikte maceraya yelken a\u00e7an, \u00c7\u0131lg\u0131n H\u0131rs\u0131z 4 ile heyecan dolu anlar ya\u015fayan ve The Ogglies ile fantastik bir d\u00fcnyaya ad\u0131m atan miniklere, film g\u00f6sterimlerinin ard\u0131ndan kitap hediye edildi.<\/p>\n<p>Manisa\u2019da 2 bin 500\u2019\u00fcn \u00fczerinde \u00e7ocuk ve ailesi kat\u0131ld\u0131<br \/>\n<br \/>Etkinli\u011fe toplamda 2 bin 500\u2019den fazla \u00e7ocuk ve ebeveyn kat\u0131ld\u0131. K\u00fclt\u00fcr ve Sosyal \u0130\u015fler Dairesi Ba\u015fkanl\u0131\u011f\u0131 taraf\u0131ndan organize edilen etkinlik, miniklerin ara tatil boyunca hem e\u011flenerek hem de \u00f6\u011frenerek vakit ge\u00e7irmesini sa\u011flad\u0131. Etkinli\u011fe kat\u0131lan ebeveynler, \u00e7ocuklar\u0131n\u0131n \u00e7ok keyif ald\u0131\u011f\u0131n\u0131 ve heyecanland\u0131\u011f\u0131n\u0131 ifade etti. Sevilen animasyon karakterleriyle bulu\u015fan minikler, kahkahalarla doyas\u0131ya e\u011flenirken etkinlik sonunda arma\u011fan edilen kitaplar ile \u00e7ocuklara kitap okuma al\u0131\u015fkanl\u0131\u011f\u0131 kazand\u0131rmak hedeflendi. Ebeveynler, \u00e7ocuklar\u0131n\u0131n bu denli mutlu olmas\u0131ndan b\u00fcy\u00fck bir memnuniyet duyduklar\u0131n\u0131 belirterek B\u00fcy\u00fck\u015fehir Belediyesi\u2019ne te\u015fekk\u00fcr etti.<\/p>\n<p>\u201cY\u00fczlerindeki mutluluk, en b\u00fcy\u00fck motivasyon kayna\u011f\u0131m\u0131z\u201d<br \/>\n<br \/>Manisa B\u00fcy\u00fck\u015fehir Belediye Ba\u015fkan\u0131 Ferdi Zeyrek, \u00e7ocuklar\u0131n geli\u015fimine katk\u0131 sa\u011flaman\u0131n \u00f6nemini vurgulayarak, \u201cS\u00f6mestr boyunca \u00e7ocuklar\u0131m\u0131z\u0131n hem e\u011flenip hem de \u00f6\u011frenerek keyifli vakit ge\u00e7irmesini sa\u011flamak i\u00e7in bu t\u00fcr etkinlikleri d\u00fczenliyoruz. Bu etkinlikle \u00e7ocuklar\u0131m\u0131z\u0131n hayal g\u00fc\u00e7lerini beslemek ve onlara g\u00fczel hat\u0131ralar ya\u015fatmak istedik. Film g\u00f6sterimlerinin ard\u0131ndan hediye etti\u011fimiz kitaplarla okuma al\u0131\u015fkanl\u0131klar\u0131n\u0131 peki\u015ftirmeyi ve hayal g\u00fc\u00e7lerini daha da geli\u015ftirmeyi hedefledik. \u00c7ocuklar\u0131m\u0131z\u0131n mutlulu\u011fu, en b\u00fcy\u00fck motivasyon kayna\u011f\u0131. B\u00fcy\u00fck\u015fehir Belediyesi olarak, gelece\u011fimizin teminat\u0131 olan \u00e7ocuklar\u0131m\u0131z\u0131n sosyal, k\u00fclt\u00fcrel ve zihinsel geli\u015fimlerini desteklemek ad\u0131na \u00e7al\u0131\u015fmalar\u0131m\u0131za devam edece\u011fiz. Etkinli\u011fimize kat\u0131lan t\u00fcm \u00e7ocuklar\u0131m\u0131za ve ailelerine te\u015fekk\u00fcr ediyor, \u00f6n\u00fcm\u00fczdeki d\u00f6nemlerde daha nice g\u00fczel etkinliklerde bulu\u015fmay\u0131 diliyoruz\u201d dedi.<br \/><\/p>\n","protected":false},"excerpt":{"rendered":"<p>Manisa B\u00fcy\u00fck\u015fehir Belediyesi, miniklerin s\u00f6mestr tatilini unutulmaz k\u0131lmak i\u00e7in birbirinden e\u011flenceli \u00e7ocuk filmleri g\u00f6sterimleri d\u00fczenledi. Etkinliklere kat\u0131lan 2 bin 500\u2019den fazla \u00e7ocuk, aileleriyle birlikte keyifli saatler ge\u00e7irdi. D\u00f6rt g\u00fcn boyunca s\u00fcren etkinliklerde, Manisal\u0131 \u00e7ocuklar; Troller, Paw Patrol, \u00c7\u0131lg\u0131n H\u0131rs\u0131z 4 ve The Ogglies gibi sevilen animasyon filmleriyle macera dolu bir d\u00fcnyaya ad\u0131m att\u0131. Troller ile&#8230;<\/p>\n","protected":false},"author":1,"featured_media":13679,"comment_status":"open","ping_status":"open","sticky":false,"template":"","format":"standard","meta":{"_crdt_document":"","footnotes":""},"categories":[1],"tags":[],"class_list":["post-13678","post","type-post","status-publish","format-standard","has-post-thumbnail","hentry","category-guncel"],"_links":{"self":[{"href":"https:\/\/www.egemtv.com\/index.php?rest_route=\/wp\/v2\/posts\/13678","targetHints":{"allow":["GET"]}}],"collection":[{"href":"https:\/\/www.egemtv.com\/index.php?rest_route=\/wp\/v2\/posts"}],"about":[{"href":"https:\/\/www.egemtv.com\/index.php?rest_route=\/wp\/v2\/types\/post"}],"author":[{"embeddable":true,"href":"https:\/\/www.egemtv.com\/index.php?rest_route=\/wp\/v2\/users\/1"}],"replies":[{"embeddable":true,"href":"https:\/\/www.egemtv.com\/index.php?rest_route=%2Fwp%2Fv2%2Fcomments&post=13678"}],"version-history":[{"count":1,"href":"https:\/\/www.egemtv.com\/index.php?rest_route=\/wp\/v2\/posts\/13678\/revisions"}],"predecessor-version":[{"id":13680,"href":"https:\/\/www.egemtv.com\/index.php?rest_route=\/wp\/v2\/posts\/13678\/revisions\/13680"}],"wp:featuredmedia":[{"embeddable":true,"href":"https:\/\/www.egemtv.com\/index.php?rest_route=\/wp\/v2\/media\/13679"}],"wp:attachment":[{"href":"https:\/\/www.egemtv.com\/index.php?rest_route=%2Fwp%2Fv2%2Fmedia&parent=13678"}],"wp:term":[{"taxonomy":"category","embeddable":true,"href":"https:\/\/www.egemtv.com\/index.php?rest_route=%2Fwp%2Fv2%2Fcategories&post=13678"},{"taxonomy":"post_tag","embeddable":true,"href":"https:\/\/www.egemtv.com\/index.php?rest_route=%2Fwp%2Fv2%2Ftags&post=13678"}],"curies":[{"name":"wp","href":"https:\/\/api.w.org\/{rel}","templated":true}]}}