{"id":13675,"date":"2025-01-30T11:19:06","date_gmt":"2025-01-30T08:19:06","guid":{"rendered":"https:\/\/www.egemtv.com\/?p=13675"},"modified":"2025-01-30T11:19:09","modified_gmt":"2025-01-30T08:19:09","slug":"yunusemre-ile-engelleri-asacaklar","status":"publish","type":"post","link":"https:\/\/www.egemtv.com\/?p=13675","title":{"rendered":"Yunusemre ile engelleri a\u015facaklar"},"content":{"rendered":"<p>E\u015fpedal Derne\u011fi Manisa Temsilcisi g\u00f6rme engelli Mert \u00dczel, arkas\u0131na oturdu\u011fu yol arkada\u015f\u0131n\u0131n s\u00fcr\u00fc\u015f\u00fc sayesinde karanl\u0131ktaki hayat\u0131n\u0131 ayd\u0131nl\u0131\u011fa d\u00f6n\u00fc\u015ft\u00fcrmenin mutlulu\u011funu ya\u015f\u0131yor. \u00dczel bu duyguyu Yunusemre\u2019deki t\u00fcm engelli bireylerin ya\u015famas\u0131n\u0131 istedi\u011fi i\u00e7in Yunusemre Belediyesi\u2019nden destek istedi.<br \/>\n<br \/>E\u015fpedal Derne\u011fi Manisa Temsilcisi Mert \u00dczel, Bisiklet Platformu G\u00f6n\u00fcll\u00fcleri Manisa Temsilcisi Remzi Y\u0131ld\u0131z ve paralimpik bisiklet\u00e7i Rasim Volkan, Yunusemre Belediyesi Ba\u015fkan Yard\u0131mc\u0131s\u0131 Hakan G\u00fcrtunca\u2019yla bir araya geldi. Dernek temsilcileri, G\u00fcrtunca\u2019dan engelli sporcularla ilgili etkinlikTe yer almak istediklerini ifade ederek belediyeyle ortak olarak AB Projesi yazmak, il\u00e7ede ya\u015fayan engelli sporcular\u0131n ihtiya\u00e7lar\u0131 i\u00e7in destek istedi.<\/p>\n<p>\u201cEngellilerin sosyal hayata kat\u0131lmalar\u0131n\u0131 istiyoruz\u201d<br \/>\n<br \/>Do\u011fu\u015ftan y\u00fczde elli g\u00f6rme engelli olan E\u015fpedal Derne\u011fi Manisa Temsilcisi Mert \u00dczel, bisiklete binerek engelinin hayat\u0131na y\u00f6n vermesine izin vermedi\u011fini dile getirirken; bu sporun \u00f6nemine dikkat \u00e7ekti. \u00dczel, \u201cBisiklet bana g\u00f6re do\u011fay\u0131 kendi g\u00fcc\u00fcnle a\u015fabilmenin yolu. Bisiklet \u00fczerindeyken kendimi dertlerimden ve korkular\u0131mdan ar\u0131nd\u0131rarak rahatlayabiliyorum. \u0130stedi\u011fimiz sadece Manisa\u2019da rahat\u00e7a bisiklet s\u00fcrmek. Bu sayede engellilerin hayat\u0131n\u0131 ba\u011f\u0131ms\u0131zla\u015ft\u0131rarak onlar\u0131 sosyal hayata kat\u0131lmas\u0131n\u0131 istiyoruz\u201d dedi.<\/p>\n<p>Yunusemre Belediyesinden destek istediler<br \/>\n<br \/>Bisiklet s\u00fcrmeye arkada\u015flar\u0131n\u0131n yard\u0131m\u0131 ve y\u00f6nlendirmeleriyle yedi ya\u015f\u0131nda ba\u015flad\u0131\u011f\u0131n\u0131 aktaran Dernek Ba\u015fkan\u0131 \u00dczel, yapt\u0131klar\u0131 \u00e7al\u0131\u015fmalar i\u00e7in Yunusemre Belediyesi\u2019nden destek istedi. \u00dczel konu\u015fmas\u0131nda, \u201cBa\u015fta \u00e7ok zorland\u0131m. Engelimin hayat\u0131m\u0131n \u00f6n\u00fcne ge\u00e7mesine izin vermedim. Bug\u00fcn ise E\u015fpedal Derne\u011finin Manisa Temsilcisi oldum. Derne\u011fin \u0130zmir\u2019deki temsilcili\u011fiyle g\u00f6r\u00fc\u015ferek ilimize tandem bisikletin gelmesi i\u00e7in g\u00f6r\u00fc\u015ft\u00fck. \u015eu anda bir adet tandem bisikletimiz var. Bu say\u0131y\u0131 artt\u0131rarak Manisa\u2019da daha fazla engelliye ula\u015farak onlar\u0131nda bisiklet kullanmay\u0131 \u00f6\u011frenmelerini istiyoruz\u201d diye konu\u015ftu.<\/p>\n<p>Sosyal belediyecilik vurgusu<br \/>\n<br \/>Ziyaretten duydu\u011fu memnuniyeti dile getiren Ba\u015fkan Yard\u0131mc\u0131s\u0131 Hakan G\u00fcrtunca ise belediye olarak engelli bireylerin her zaman yan\u0131nda olduklar\u0131n\u0131 belirterek \u015funlar\u0131 s\u00f6yledi: \u201cToplumun her bireyini kucaklayan bir belediyeyiz. Ba\u015fkan\u0131m\u0131z Semih Balaban her zaman Sosyal Belediyecili\u011fin alt\u0131n\u0131 \u00e7izer. Biz de il\u00e7emizde ya\u015fayan engelli sporcular\u0131n ihtiya\u00e7lar\u0131na destek olaca\u011f\u0131z. Bu sayede engelli oldu\u011fu i\u00e7in sosyal hayata kar\u0131\u015fmaktan endi\u015felenen vatanda\u015flar\u0131m\u0131z\u0131, hayatlar\u0131n rahat\u00e7a ya\u015famalar\u0131n\u0131 sa\u011flamak istiyoruz.\u201d<br \/><\/p>\n","protected":false},"excerpt":{"rendered":"<p>E\u015fpedal Derne\u011fi Manisa Temsilcisi g\u00f6rme engelli Mert \u00dczel, arkas\u0131na oturdu\u011fu yol arkada\u015f\u0131n\u0131n s\u00fcr\u00fc\u015f\u00fc sayesinde karanl\u0131ktaki hayat\u0131n\u0131 ayd\u0131nl\u0131\u011fa d\u00f6n\u00fc\u015ft\u00fcrmenin mutlulu\u011funu ya\u015f\u0131yor. \u00dczel bu duyguyu Yunusemre\u2019deki t\u00fcm engelli bireylerin ya\u015famas\u0131n\u0131 istedi\u011fi i\u00e7in Yunusemre Belediyesi\u2019nden destek istedi. E\u015fpedal Derne\u011fi Manisa Temsilcisi Mert \u00dczel, Bisiklet Platformu G\u00f6n\u00fcll\u00fcleri Manisa Temsilcisi Remzi Y\u0131ld\u0131z ve paralimpik bisiklet\u00e7i Rasim Volkan, Yunusemre Belediyesi Ba\u015fkan&#8230;<\/p>\n","protected":false},"author":1,"featured_media":13676,"comment_status":"open","ping_status":"open","sticky":false,"template":"","format":"standard","meta":{"_crdt_document":"","footnotes":""},"categories":[123],"tags":[],"class_list":["post-13675","post","type-post","status-publish","format-standard","has-post-thumbnail","hentry","category-gundem"],"_links":{"self":[{"href":"https:\/\/www.egemtv.com\/index.php?rest_route=\/wp\/v2\/posts\/13675","targetHints":{"allow":["GET"]}}],"collection":[{"href":"https:\/\/www.egemtv.com\/index.php?rest_route=\/wp\/v2\/posts"}],"about":[{"href":"https:\/\/www.egemtv.com\/index.php?rest_route=\/wp\/v2\/types\/post"}],"author":[{"embeddable":true,"href":"https:\/\/www.egemtv.com\/index.php?rest_route=\/wp\/v2\/users\/1"}],"replies":[{"embeddable":true,"href":"https:\/\/www.egemtv.com\/index.php?rest_route=%2Fwp%2Fv2%2Fcomments&post=13675"}],"version-history":[{"count":1,"href":"https:\/\/www.egemtv.com\/index.php?rest_route=\/wp\/v2\/posts\/13675\/revisions"}],"predecessor-version":[{"id":13677,"href":"https:\/\/www.egemtv.com\/index.php?rest_route=\/wp\/v2\/posts\/13675\/revisions\/13677"}],"wp:featuredmedia":[{"embeddable":true,"href":"https:\/\/www.egemtv.com\/index.php?rest_route=\/wp\/v2\/media\/13676"}],"wp:attachment":[{"href":"https:\/\/www.egemtv.com\/index.php?rest_route=%2Fwp%2Fv2%2Fmedia&parent=13675"}],"wp:term":[{"taxonomy":"category","embeddable":true,"href":"https:\/\/www.egemtv.com\/index.php?rest_route=%2Fwp%2Fv2%2Fcategories&post=13675"},{"taxonomy":"post_tag","embeddable":true,"href":"https:\/\/www.egemtv.com\/index.php?rest_route=%2Fwp%2Fv2%2Ftags&post=13675"}],"curies":[{"name":"wp","href":"https:\/\/api.w.org\/{rel}","templated":true}]}}