{"id":13669,"date":"2025-01-30T11:04:23","date_gmt":"2025-01-30T08:04:23","guid":{"rendered":"https:\/\/www.egemtv.com\/?p=13669"},"modified":"2025-01-30T11:04:25","modified_gmt":"2025-01-30T08:04:25","slug":"medical-point-turkiyenin-en-itibarli-markalari-arasinda","status":"publish","type":"post","link":"https:\/\/www.egemtv.com\/?p=13669","title":{"rendered":"Medical Point, T\u00fcrkiye\u2019nin en itibarl\u0131 markalar\u0131 aras\u0131nda"},"content":{"rendered":"<p>T\u00fcrkiye \u0130tibar Akademisi taraf\u0131ndan bu y\u0131l 14\u2019\u00fcnc\u00fcs\u00fc ger\u00e7ekle\u015ftirilen T\u00fcrkiye \u0130tibar Endeksi Ara\u015ft\u0131rmas\u0131 sonu\u00e7lar\u0131na g\u00f6re, Medical Point Hastaneler Grubu sa\u011fl\u0131k sekt\u00f6r\u00fcndeki itibarl\u0131 markalar aras\u0131nda yer alarak b\u00fcy\u00fck bir ba\u015far\u0131ya imza att\u0131. T\u00fcrkiye genelinde 15 bin ki\u015finin kat\u0131l\u0131m\u0131yla ger\u00e7ekle\u015ftirilen ve i\u015f d\u00fcnyas\u0131n\u0131n prestijli ara\u015ft\u0131rmalar\u0131 aras\u0131nda g\u00f6sterilen bu \u00e7al\u0131\u015fmada, Medical Point, sa\u011fl\u0131k sekt\u00f6r\u00fcnde g\u00fcven ve kaliteyi temsil eden markalardan biri olarak \u00f6ne \u00e7\u0131kt\u0131.<\/p>\n<p>Sa\u011fl\u0131kta g\u00fcvenin ve kalitenin adresi<br \/>\n<br \/>Medical Point Hastaneler Grubu, hasta odakl\u0131 hizmet anlay\u0131\u015f\u0131, uluslararas\u0131 kalite standartlar\u0131na uyumu ve yenilik\u00e7i sa\u011fl\u0131k \u00e7\u00f6z\u00fcmleriyle sekt\u00f6rde fark olu\u015fturmaya devam ediyor. T\u00fcrkiye \u0130tibar Endeksi Ara\u015ft\u0131rmas\u0131\u2019nda elde edilen bu ba\u015far\u0131, markan\u0131n y\u0131llard\u0131r s\u00fcregelen kaliteli sa\u011fl\u0131k hizmetlerinin ve hasta memnuniyetine verdi\u011fi \u00f6nemin bir g\u00f6stergesi olarak de\u011ferlendiriliyor.<br \/>\n<br \/>Medical Point Hastaneler Grubu Y\u00f6netim Kurulu Ba\u015fkan Vekili Veysi Kubba, &#8220;T\u00fcrkiye \u0130tibar Endeksi Ara\u015ft\u0131rmas\u0131\u2019nda sa\u011fl\u0131k sekt\u00f6r\u00fcnde yer almak, bizim i\u00e7in b\u00fcy\u00fck bir gurur kayna\u011f\u0131. Bu ba\u015far\u0131, y\u0131llard\u0131r hasta memnuniyetini \u00f6nceliklendiren hizmet anlay\u0131\u015f\u0131m\u0131z\u0131n ve uluslararas\u0131 kalite standartlar\u0131na ba\u011fl\u0131 kalarak sundu\u011fumuz sa\u011fl\u0131k \u00e7\u00f6z\u00fcmlerinin bir sonucudur. Medical Point olarak, g\u00fcven, kalite ve etik de\u011ferlere ba\u011fl\u0131 sa\u011fl\u0131k hizmetlerimizle sekt\u00f6rde \u00f6rnek bir marka olmaya devam ediyoruz. Bu s\u00fcre\u00e7te eme\u011fi ge\u00e7en t\u00fcm ekip arkada\u015flar\u0131ma, bizi bu \u00f6d\u00fcle lay\u0131k g\u00f6ren hastalar\u0131m\u0131za ve yak\u0131nlar\u0131na da te\u015fekk\u00fcr ediyorum. Hasta odakl\u0131 yakla\u015f\u0131m\u0131m\u0131z\u0131 daha da ileriye ta\u015f\u0131mak i\u00e7in \u00e7al\u0131\u015fmalar\u0131m\u0131z\u0131 kararl\u0131l\u0131kla s\u00fcrd\u00fcrece\u011fiz.&#8221; dedi.<br \/>\n<br \/>Medical Point Hastaneler Grubu, sa\u011fl\u0131k alan\u0131nda sundu\u011fu \u00fcst\u00fcn hizmet anlay\u0131\u015f\u0131 ve etik de\u011ferlere ba\u011fl\u0131l\u0131\u011f\u0131yla hem ulusal hem de uluslararas\u0131 arenada dikkat \u00e7ekiyor. Sa\u011fl\u0131kta g\u00fcvenilir bir marka olarak konumlanan Medical Point, hasta memnuniyetini \u00f6n planda tutarak topluma sa\u011fl\u0131kl\u0131 bir gelecek sunma misyonunu s\u00fcrd\u00fcr\u00fcyor.<br \/><\/p>\n","protected":false},"excerpt":{"rendered":"<p>T\u00fcrkiye \u0130tibar Akademisi taraf\u0131ndan bu y\u0131l 14\u2019\u00fcnc\u00fcs\u00fc ger\u00e7ekle\u015ftirilen T\u00fcrkiye \u0130tibar Endeksi Ara\u015ft\u0131rmas\u0131 sonu\u00e7lar\u0131na g\u00f6re, Medical Point Hastaneler Grubu sa\u011fl\u0131k sekt\u00f6r\u00fcndeki itibarl\u0131 markalar aras\u0131nda yer alarak b\u00fcy\u00fck bir ba\u015far\u0131ya imza att\u0131. T\u00fcrkiye genelinde 15 bin ki\u015finin kat\u0131l\u0131m\u0131yla ger\u00e7ekle\u015ftirilen ve i\u015f d\u00fcnyas\u0131n\u0131n prestijli ara\u015ft\u0131rmalar\u0131 aras\u0131nda g\u00f6sterilen bu \u00e7al\u0131\u015fmada, Medical Point, sa\u011fl\u0131k sekt\u00f6r\u00fcnde g\u00fcven ve kaliteyi temsil eden&#8230;<\/p>\n","protected":false},"author":1,"featured_media":13670,"comment_status":"open","ping_status":"open","sticky":false,"template":"","format":"standard","meta":{"_crdt_document":"","footnotes":""},"categories":[2],"tags":[],"class_list":["post-13669","post","type-post","status-publish","format-standard","has-post-thumbnail","hentry","category-saglik"],"_links":{"self":[{"href":"https:\/\/www.egemtv.com\/index.php?rest_route=\/wp\/v2\/posts\/13669","targetHints":{"allow":["GET"]}}],"collection":[{"href":"https:\/\/www.egemtv.com\/index.php?rest_route=\/wp\/v2\/posts"}],"about":[{"href":"https:\/\/www.egemtv.com\/index.php?rest_route=\/wp\/v2\/types\/post"}],"author":[{"embeddable":true,"href":"https:\/\/www.egemtv.com\/index.php?rest_route=\/wp\/v2\/users\/1"}],"replies":[{"embeddable":true,"href":"https:\/\/www.egemtv.com\/index.php?rest_route=%2Fwp%2Fv2%2Fcomments&post=13669"}],"version-history":[{"count":1,"href":"https:\/\/www.egemtv.com\/index.php?rest_route=\/wp\/v2\/posts\/13669\/revisions"}],"predecessor-version":[{"id":13671,"href":"https:\/\/www.egemtv.com\/index.php?rest_route=\/wp\/v2\/posts\/13669\/revisions\/13671"}],"wp:featuredmedia":[{"embeddable":true,"href":"https:\/\/www.egemtv.com\/index.php?rest_route=\/wp\/v2\/media\/13670"}],"wp:attachment":[{"href":"https:\/\/www.egemtv.com\/index.php?rest_route=%2Fwp%2Fv2%2Fmedia&parent=13669"}],"wp:term":[{"taxonomy":"category","embeddable":true,"href":"https:\/\/www.egemtv.com\/index.php?rest_route=%2Fwp%2Fv2%2Fcategories&post=13669"},{"taxonomy":"post_tag","embeddable":true,"href":"https:\/\/www.egemtv.com\/index.php?rest_route=%2Fwp%2Fv2%2Ftags&post=13669"}],"curies":[{"name":"wp","href":"https:\/\/api.w.org\/{rel}","templated":true}]}}