{"id":13666,"date":"2025-01-30T10:57:56","date_gmt":"2025-01-30T07:57:56","guid":{"rendered":"https:\/\/www.egemtv.com\/?p=13666"},"modified":"2025-01-30T10:57:59","modified_gmt":"2025-01-30T07:57:59","slug":"bir-gun-bir-film-bir-kitap-projesi-basvurulari-basladi","status":"publish","type":"post","link":"https:\/\/www.egemtv.com\/?p=13666","title":{"rendered":"\u2018Bir G\u00fcn, Bir Film, Bir Kitap\u2019 projesi ba\u015fvurular\u0131 ba\u015flad\u0131"},"content":{"rendered":"<p>Sosyal sorumluluk projelerine aral\u0131ks\u0131z devam eden Denizli B\u00fcy\u00fck\u015fehir Belediyesi, 2 bin aileye \u015fehirde bulunan al\u0131\u015fveri\u015f merkezlerinde kullanabilecekleri sinema, yemek ve kitap bileti da\u011f\u0131t\u0131m\u0131na ba\u015fl\u0131yor.<\/p>\n<p>Denizli B\u00fcy\u00fck\u015fehir Belediyesi, sosyal belediyecilik anlay\u0131\u015f\u0131 ile ger\u00e7ekle\u015ftirdi\u011fi projelere bir yenisini daha ekleyerek dezavantajl\u0131 ailelerin sosyalle\u015fmesine yard\u0131mc\u0131 olmak amac\u0131yla \u201cBir G\u00fcn, Bir Film, Bir Kitap\u201d projesini hayata ge\u00e7iriyor. Proje kapsam\u0131nda dezavantajl\u0131 ailelere sosyal hayatta yer almalar\u0131na yard\u0131mc\u0131 olmak amac\u0131yla Forum \u00c7aml\u0131k ve Teras Park al\u0131\u015fveri\u015f merkezlerinde kullanabilecekleri sinema bileti, m\u0131s\u0131r ve i\u00e7ecek men\u00fc bileti, anla\u015fmal\u0131 restorandan yemek bileti ve kitap bileti da\u011f\u0131t\u0131lacak. S\u0131n\u0131rl\u0131 kontenjana sahip projede yer alan aileler ba\u015fvurular\u0131n sonunda belirlenecek. Toplamda 2 bin hane ve 8 bin ki\u015fi projeden faydalanabilecekken ba\u015fvurular denizli.bel.tr adresinden yap\u0131labilecek.<br \/><\/p>\n","protected":false},"excerpt":{"rendered":"<p>Sosyal sorumluluk projelerine aral\u0131ks\u0131z devam eden Denizli B\u00fcy\u00fck\u015fehir Belediyesi, 2 bin aileye \u015fehirde bulunan al\u0131\u015fveri\u015f merkezlerinde kullanabilecekleri sinema, yemek ve kitap bileti da\u011f\u0131t\u0131m\u0131na ba\u015fl\u0131yor. Denizli B\u00fcy\u00fck\u015fehir Belediyesi, sosyal belediyecilik anlay\u0131\u015f\u0131 ile ger\u00e7ekle\u015ftirdi\u011fi projelere bir yenisini daha ekleyerek dezavantajl\u0131 ailelerin sosyalle\u015fmesine yard\u0131mc\u0131 olmak amac\u0131yla \u201cBir G\u00fcn, Bir Film, Bir Kitap\u201d projesini hayata ge\u00e7iriyor. Proje kapsam\u0131nda dezavantajl\u0131&#8230;<\/p>\n","protected":false},"author":1,"featured_media":13667,"comment_status":"open","ping_status":"open","sticky":false,"template":"","format":"standard","meta":{"_crdt_document":"","footnotes":""},"categories":[1],"tags":[],"class_list":["post-13666","post","type-post","status-publish","format-standard","has-post-thumbnail","hentry","category-guncel"],"_links":{"self":[{"href":"https:\/\/www.egemtv.com\/index.php?rest_route=\/wp\/v2\/posts\/13666","targetHints":{"allow":["GET"]}}],"collection":[{"href":"https:\/\/www.egemtv.com\/index.php?rest_route=\/wp\/v2\/posts"}],"about":[{"href":"https:\/\/www.egemtv.com\/index.php?rest_route=\/wp\/v2\/types\/post"}],"author":[{"embeddable":true,"href":"https:\/\/www.egemtv.com\/index.php?rest_route=\/wp\/v2\/users\/1"}],"replies":[{"embeddable":true,"href":"https:\/\/www.egemtv.com\/index.php?rest_route=%2Fwp%2Fv2%2Fcomments&post=13666"}],"version-history":[{"count":1,"href":"https:\/\/www.egemtv.com\/index.php?rest_route=\/wp\/v2\/posts\/13666\/revisions"}],"predecessor-version":[{"id":13668,"href":"https:\/\/www.egemtv.com\/index.php?rest_route=\/wp\/v2\/posts\/13666\/revisions\/13668"}],"wp:featuredmedia":[{"embeddable":true,"href":"https:\/\/www.egemtv.com\/index.php?rest_route=\/wp\/v2\/media\/13667"}],"wp:attachment":[{"href":"https:\/\/www.egemtv.com\/index.php?rest_route=%2Fwp%2Fv2%2Fmedia&parent=13666"}],"wp:term":[{"taxonomy":"category","embeddable":true,"href":"https:\/\/www.egemtv.com\/index.php?rest_route=%2Fwp%2Fv2%2Fcategories&post=13666"},{"taxonomy":"post_tag","embeddable":true,"href":"https:\/\/www.egemtv.com\/index.php?rest_route=%2Fwp%2Fv2%2Ftags&post=13666"}],"curies":[{"name":"wp","href":"https:\/\/api.w.org\/{rel}","templated":true}]}}