{"id":13663,"date":"2025-01-30T10:56:04","date_gmt":"2025-01-30T07:56:04","guid":{"rendered":"https:\/\/www.egemtv.com\/?p=13663"},"modified":"2025-01-30T10:56:05","modified_gmt":"2025-01-30T07:56:05","slug":"yenikoy-kemerkoy-enerji-husamlar-eski-maden-sahasinda-milasli-muhtarlarla-fidan-dikti","status":"publish","type":"post","link":"https:\/\/www.egemtv.com\/?p=13663","title":{"rendered":"Yenik\u00f6y Kemerk\u00f6y Enerji, H\u00fcsamlar eski maden sahas\u0131nda Milasl\u0131 muhtarlarla fidan dikti"},"content":{"rendered":"<p>Yenik\u00f6y Kemerk\u00f6y Enerji etki alan\u0131ndaki 26 k\u00f6y muhtar\u0131 ile Cumhuriyet tarihinin tek seferde yap\u0131lan en b\u00fcy\u00fck do\u011faya geri kazand\u0131rma projelerinden \u2018H\u00fcsamlar Yeniden\u2019i ziyaret etti. D\u00fczenlenen etkinlikte muhtarlara, projeyle ilgili detayl\u0131 bir sunum da ger\u00e7ekle\u015ftirildi.<\/p>\n<p>Cumhuriyet tarihinin 511 hektarl\u0131k alanda, tek seferde yap\u0131lan en b\u00fcy\u00fck rehabilitasyon projelerinden birini ge\u00e7ti\u011fimiz Kas\u0131m ay\u0131nda ba\u015flatan Yenik\u00f6y Kemerk\u00f6y Enerji, 2 ayl\u0131k rekor bir s\u00fcrede \u00e7al\u0131\u015fmalar\u0131n y\u00fczde 90\u2019l\u0131k k\u0131sm\u0131n\u0131 tamamlad\u0131. \u015eirket, d\u00fczenledi\u011fi etkinlikle 26 k\u00f6y muhtar\u0131n\u0131 rehabilitasyon \u00e7al\u0131\u015fmalar\u0131n\u0131n s\u00fcrd\u00fc\u011f\u00fc H\u00fcsamlar Yeniden Projesi\u2019nde misafir etti. Ziyaret s\u0131ras\u0131nda muhtarlar k\u00f6ylerini temsilen eski maden sahas\u0131na fidan diktiler. Yenik\u00f6y Kemerk\u00f6y Enerji Genel M\u00fcd\u00fcr\u00fc Mehmet Ero\u011flu ev sahipli\u011findeki etkinlikte muhtarlar, do\u011faya geri kazand\u0131rma alan\u0131n\u0131 gezerek, yap\u0131lan \u00e7al\u0131\u015fmalar hakk\u0131nda detayl\u0131 bilgi ald\u0131.<\/p>\n<p>\u201cMuhtarlar\u0131m\u0131z\u0131 bilgilendirmeye ve yak\u0131n bir i\u015f birli\u011finde olmaya devam edece\u011fiz\u201d<br \/>\n<br \/>B\u00f6lge muhtarlar\u0131yla yak\u0131n bir ileti\u015fim ve i\u015f birli\u011fi halinde olduklar\u0131n\u0131 belirten Yenik\u00f6y Kemerk\u00f6y Enerji Genel M\u00fcd\u00fcr\u00fc Mehmet Ero\u011flu, \u201cGe\u00e7ti\u011fimiz y\u0131l pilot uygulamaya ba\u015flarken muhtarlar\u0131m\u0131z\u0131 ziyaret edip proje ile ilgili fikirlerini ve g\u00f6r\u00fc\u015flerini alm\u0131\u015ft\u0131k. O d\u00f6nemde onlardan ald\u0131\u011f\u0131m\u0131z geri d\u00f6n\u00fc\u015fler \u00e7ok de\u011ferliydi. O g\u00fcnden bug\u00fcne do\u011faya geri kazand\u0131rma \u00e7al\u0131\u015fmalar\u0131m\u0131zda olduk\u00e7a ilerledik. Yakla\u015f\u0131k 250 bin fidan\u0131 toprakla bulu\u015fturduk. Projemiz i\u00e7erisinde 3 g\u00f6let, y\u00fcr\u00fcy\u00fc\u015f yollar\u0131, piknik alanlar\u0131 ve amfi tiyatro planlad\u0131k. Milas\u2019\u0131n simgesi olan an\u0131t bir zeytin a\u011fac\u0131n\u0131 rehabilitasyon alan\u0131n\u0131n merkezine \u00f6n\u00fcm\u00fczdeki g\u00fcnlerde koyaca\u011f\u0131z. Milasl\u0131lardan 40 y\u0131l \u00f6nce madencilik i\u00e7in al\u0131nan bu alan\u0131 en g\u00fczel haliyle geri vermek i\u00e7in \u00e7al\u0131\u015f\u0131yoruz. Projenin her a\u015famas\u0131nda bizimle birlikte olan ve \u00e7al\u0131\u015fmalar\u0131m\u0131z\u0131 ba\u011f\u0131ms\u0131z bir \u015fekilde de\u011ferlendiren ve kamuoyu ile payla\u015fan T\u00fcrkiye Tabiat\u0131n\u0131 Koruma Derne\u011fi (TTKD) de bize \u00e7ok de\u011fer katt\u0131. 70 y\u0131l \u00f6nce kurulan ve T\u00fcrkiye\u2019nin ilk \u00e7evre derneklerinden biri olan TTKD ile i\u015f birli\u011fimiz, projenin verimlili\u011fini art\u0131rd\u0131. 2023 y\u0131l\u0131nda 65 hektar alanda tamamlanan pilot uygulamam\u0131zdaki dikimlerin ba\u015far\u0131 oran\u0131 baz\u0131 b\u00f6lgelerde y\u00fczde 96\u2019ya ula\u015ft\u0131. Ekosistemin kendili\u011finden canlanmaya ba\u015flad\u0131\u011f\u0131n\u0131, g\u00f6letimize ku\u015flar\u0131n gelmeye ba\u015flad\u0131\u011f\u0131n\u0131 g\u00f6zlemledik. \u00dclkemiz i\u00e7in \u00f6rnek olacak projemizin her a\u015famas\u0131nda b\u00f6lge halk\u0131n\u0131 ve muhtarlar\u0131m\u0131z\u0131 bilgilendirmeye devam edece\u011fiz. \u0130n\u015fallah proje tamamland\u0131\u011f\u0131nda yine muhtarlar\u0131m\u0131zla birlikte burada bir arada olaca\u011f\u0131z.\u201d dedi.<\/p>\n<p>\u201c\u00dclkemiz i\u00e7in \u00f6rnek olacak bir projeye imza at\u0131ld\u0131\u011f\u0131na tan\u0131kl\u0131k etme f\u0131rsat\u0131 yakalad\u0131k\u201d<br \/>\n<br \/>Etkinlikte muhtarlar\u0131 temsilen konu\u015fan Milas Muhtarlar Derne\u011fi Ba\u015fkan Yard\u0131mc\u0131s\u0131 ve Ba\u011fdamlar\u0131 K\u00f6y\u00fc Muhtar\u0131 Mehmet Akar da \u201cYenik\u00f6y Kemerk\u00f6y Enerji\u2019ye, H\u00fcsamlar eski maden sahas\u0131nda ger\u00e7ekle\u015ftirdikleri \u00e7al\u0131\u015fmalar i\u00e7in te\u015fekk\u00fcr ediyoruz. Bug\u00fcn burada \u00fclkemiz i\u00e7in \u00f6rnek olacak bir projeye imza at\u0131ld\u0131\u011f\u0131na tan\u0131kl\u0131k etme f\u0131rsat\u0131 yakalad\u0131k. Bug\u00fcn bizleri proje alan\u0131nda misafir ederek t\u00fcm sorular\u0131m\u0131za detayl\u0131 bir \u015fekilde cevap verdiler. Proje tamamland\u0131\u011f\u0131nda buran\u0131n Milasl\u0131lar\u0131n kullan\u0131m\u0131na a\u00e7\u0131lacak olmas\u0131 da \u00e7ok de\u011ferli. B\u00f6lgemize yap\u0131lan her bir yat\u0131r\u0131m bizler i\u00e7in son derece de\u011ferli\u201d diye konu\u015ftu.<br \/><\/p>\n","protected":false},"excerpt":{"rendered":"<p>Yenik\u00f6y Kemerk\u00f6y Enerji etki alan\u0131ndaki 26 k\u00f6y muhtar\u0131 ile Cumhuriyet tarihinin tek seferde yap\u0131lan en b\u00fcy\u00fck do\u011faya geri kazand\u0131rma projelerinden \u2018H\u00fcsamlar Yeniden\u2019i ziyaret etti. D\u00fczenlenen etkinlikte muhtarlara, projeyle ilgili detayl\u0131 bir sunum da ger\u00e7ekle\u015ftirildi. Cumhuriyet tarihinin 511 hektarl\u0131k alanda, tek seferde yap\u0131lan en b\u00fcy\u00fck rehabilitasyon projelerinden birini ge\u00e7ti\u011fimiz Kas\u0131m ay\u0131nda ba\u015flatan Yenik\u00f6y Kemerk\u00f6y Enerji, 2&#8230;<\/p>\n","protected":false},"author":1,"featured_media":13664,"comment_status":"open","ping_status":"open","sticky":false,"template":"","format":"standard","meta":{"_crdt_document":"","footnotes":""},"categories":[1],"tags":[],"class_list":["post-13663","post","type-post","status-publish","format-standard","has-post-thumbnail","hentry","category-guncel"],"_links":{"self":[{"href":"https:\/\/www.egemtv.com\/index.php?rest_route=\/wp\/v2\/posts\/13663","targetHints":{"allow":["GET"]}}],"collection":[{"href":"https:\/\/www.egemtv.com\/index.php?rest_route=\/wp\/v2\/posts"}],"about":[{"href":"https:\/\/www.egemtv.com\/index.php?rest_route=\/wp\/v2\/types\/post"}],"author":[{"embeddable":true,"href":"https:\/\/www.egemtv.com\/index.php?rest_route=\/wp\/v2\/users\/1"}],"replies":[{"embeddable":true,"href":"https:\/\/www.egemtv.com\/index.php?rest_route=%2Fwp%2Fv2%2Fcomments&post=13663"}],"version-history":[{"count":1,"href":"https:\/\/www.egemtv.com\/index.php?rest_route=\/wp\/v2\/posts\/13663\/revisions"}],"predecessor-version":[{"id":13665,"href":"https:\/\/www.egemtv.com\/index.php?rest_route=\/wp\/v2\/posts\/13663\/revisions\/13665"}],"wp:featuredmedia":[{"embeddable":true,"href":"https:\/\/www.egemtv.com\/index.php?rest_route=\/wp\/v2\/media\/13664"}],"wp:attachment":[{"href":"https:\/\/www.egemtv.com\/index.php?rest_route=%2Fwp%2Fv2%2Fmedia&parent=13663"}],"wp:term":[{"taxonomy":"category","embeddable":true,"href":"https:\/\/www.egemtv.com\/index.php?rest_route=%2Fwp%2Fv2%2Fcategories&post=13663"},{"taxonomy":"post_tag","embeddable":true,"href":"https:\/\/www.egemtv.com\/index.php?rest_route=%2Fwp%2Fv2%2Ftags&post=13663"}],"curies":[{"name":"wp","href":"https:\/\/api.w.org\/{rel}","templated":true}]}}