{"id":13660,"date":"2025-01-30T10:56:01","date_gmt":"2025-01-30T07:56:01","guid":{"rendered":"https:\/\/www.egemtv.com\/?p=13660"},"modified":"2025-01-30T10:56:03","modified_gmt":"2025-01-30T07:56:03","slug":"un-acimiz-buyuk-olenlere-rahmet-yaralilarimiza-acil-sifa-diliyorum","status":"publish","type":"post","link":"https:\/\/www.egemtv.com\/?p=13660","title":{"rendered":"\u00dcn, &#8220;Ac\u0131m\u0131z b\u00fcy\u00fck, \u00f6lenlere rahmet yaral\u0131lar\u0131m\u0131za acil \u015fifa diliyorum&#8221;"},"content":{"rendered":"<p>Denizli\u2019de sabah saatlerinde meydana gelen i\u015f\u00e7i servisi kazas\u0131yla ilgili Milletvekili Sema Silkin \u00dcn, ba\u015fsa\u011fl\u0131\u011f\u0131 mesaj\u0131 yay\u0131nlad\u0131. \u00dcn, &#8220;Ac\u0131m\u0131z b\u00fcy\u00fck, \u00f6lenlere rahmet yaral\u0131lar\u0131m\u0131za acil \u015fifa diliyorum&#8221; dedi.<\/p>\n<p>Denizli\u2019de sabah saatlerinde meydana gelen trafik kazas\u0131nda d\u00f6rt ki\u015fi ya\u015fam\u0131n\u0131 yitirdi, 4\u2019\u00fc a\u011f\u0131r 19 cam fabrikas\u0131 i\u015f\u00e7isi de yaraland\u0131. Feci kaza Pamukkale il\u00e7esine ba\u011fl\u0131 Irl\u0131\u011fanl\u0131 Mahallesi otoban k\u00f6pr\u00fcs\u00fc alt\u0131nda meydana geldi. Kontrolden \u00e7\u0131kan i\u015f\u00e7i servisi k\u00f6pr\u00fcn\u00fcn duvar\u0131na \u00e7arparak yan yatt\u0131. Ya\u015fanan \u00fcz\u00fcc\u00fc olayla ilgili olarak Denizli Milletvekili Sema Silkin \u00dcn\u2019de ba\u015fsa\u011fl\u0131\u011f\u0131 mesaj\u0131 yay\u0131nlad\u0131. Milletvekili \u00dcn, &#8220;Maalesef g\u00fcne ac\u0131 haberle ba\u015flad\u0131k. Kulland\u0131klar\u0131 i\u015f\u00e7i servisinin kontrol\u00fc kaybetmesi sonucu ya\u015fanan kazada ailelerinin r\u0131zk\u0131n\u0131n pe\u015finde d\u00f6rt fabrika i\u015f\u00e7imiz hayat\u0131n\u0131 kaybetti. Ac\u0131m\u0131z \u00e7ok b\u00fcy\u00fck, hem\u015ferilerimize Allah\u2019tan rahmet, yaral\u0131lar\u0131m\u0131za acil \u015fifa diliyorum. Mek\u00e2nlar\u0131 cennet olsun, Denizli\u2019mizin ba\u015f\u0131 sa\u011f olsun. Allah b\u00f6yle kazalardan hepimizi korusun&#8221; dedi.<br \/><\/p>\n","protected":false},"excerpt":{"rendered":"<p>Denizli\u2019de sabah saatlerinde meydana gelen i\u015f\u00e7i servisi kazas\u0131yla ilgili Milletvekili Sema Silkin \u00dcn, ba\u015fsa\u011fl\u0131\u011f\u0131 mesaj\u0131 yay\u0131nlad\u0131. \u00dcn, &#8220;Ac\u0131m\u0131z b\u00fcy\u00fck, \u00f6lenlere rahmet yaral\u0131lar\u0131m\u0131za acil \u015fifa diliyorum&#8221; dedi. Denizli\u2019de sabah saatlerinde meydana gelen trafik kazas\u0131nda d\u00f6rt ki\u015fi ya\u015fam\u0131n\u0131 yitirdi, 4\u2019\u00fc a\u011f\u0131r 19 cam fabrikas\u0131 i\u015f\u00e7isi de yaraland\u0131. Feci kaza Pamukkale il\u00e7esine ba\u011fl\u0131 Irl\u0131\u011fanl\u0131 Mahallesi otoban k\u00f6pr\u00fcs\u00fc alt\u0131nda&#8230;<\/p>\n","protected":false},"author":1,"featured_media":13661,"comment_status":"open","ping_status":"open","sticky":false,"template":"","format":"standard","meta":{"_crdt_document":"","footnotes":""},"categories":[127],"tags":[],"class_list":["post-13660","post","type-post","status-publish","format-standard","has-post-thumbnail","hentry","category-siyaset"],"_links":{"self":[{"href":"https:\/\/www.egemtv.com\/index.php?rest_route=\/wp\/v2\/posts\/13660","targetHints":{"allow":["GET"]}}],"collection":[{"href":"https:\/\/www.egemtv.com\/index.php?rest_route=\/wp\/v2\/posts"}],"about":[{"href":"https:\/\/www.egemtv.com\/index.php?rest_route=\/wp\/v2\/types\/post"}],"author":[{"embeddable":true,"href":"https:\/\/www.egemtv.com\/index.php?rest_route=\/wp\/v2\/users\/1"}],"replies":[{"embeddable":true,"href":"https:\/\/www.egemtv.com\/index.php?rest_route=%2Fwp%2Fv2%2Fcomments&post=13660"}],"version-history":[{"count":1,"href":"https:\/\/www.egemtv.com\/index.php?rest_route=\/wp\/v2\/posts\/13660\/revisions"}],"predecessor-version":[{"id":13662,"href":"https:\/\/www.egemtv.com\/index.php?rest_route=\/wp\/v2\/posts\/13660\/revisions\/13662"}],"wp:featuredmedia":[{"embeddable":true,"href":"https:\/\/www.egemtv.com\/index.php?rest_route=\/wp\/v2\/media\/13661"}],"wp:attachment":[{"href":"https:\/\/www.egemtv.com\/index.php?rest_route=%2Fwp%2Fv2%2Fmedia&parent=13660"}],"wp:term":[{"taxonomy":"category","embeddable":true,"href":"https:\/\/www.egemtv.com\/index.php?rest_route=%2Fwp%2Fv2%2Fcategories&post=13660"},{"taxonomy":"post_tag","embeddable":true,"href":"https:\/\/www.egemtv.com\/index.php?rest_route=%2Fwp%2Fv2%2Ftags&post=13660"}],"curies":[{"name":"wp","href":"https:\/\/api.w.org\/{rel}","templated":true}]}}