{"id":13657,"date":"2025-01-30T10:50:02","date_gmt":"2025-01-30T07:50:02","guid":{"rendered":"https:\/\/www.egemtv.com\/?p=13657"},"modified":"2025-01-30T10:50:06","modified_gmt":"2025-01-30T07:50:06","slug":"usakin-sanayi-donusum-plani-sanayicilere-sunuldu","status":"publish","type":"post","link":"https:\/\/www.egemtv.com\/?p=13657","title":{"rendered":"U\u015fak\u2019\u0131n sanayi d\u00f6n\u00fc\u015f\u00fcm plan\u0131 sanayicilere sunuldu"},"content":{"rendered":"<p>U\u015fak ekonomisinin sekt\u00f6rel yap\u0131s\u0131n\u0131 de\u011ferlendirmek ve s\u00fcrd\u00fcr\u00fclebilir kalk\u0131nma hedeflerini hayata ge\u00e7irmek amac\u0131yla Zafer Kalk\u0131nma Ajans\u0131 koordinasyonunda haz\u0131rlanan \u201cSanayi D\u00f6n\u00fc\u015f\u00fcm Plan\u0131\u201d U\u015fak Valili\u011finde d\u00fczenlenen bir toplant\u0131yla sanayicilere tan\u0131t\u0131ld\u0131.<\/p>\n<p>Toplant\u0131ya U\u015fak\u2019taki sanayiciler, i\u015f d\u00fcnyas\u0131 temsilcileri ve kamu kurumlar\u0131n\u0131n yetkilileri yo\u011fun ilgi g\u00f6sterdi. Plan\u0131 haz\u0131rlayan T\u00fcrkiye Ekonomi Politikalar\u0131 Ara\u015ft\u0131rma Vakf\u0131 (TEPAV) yetkilisi taraf\u0131ndan ayr\u0131nt\u0131l\u0131 bir sunum ger\u00e7ekle\u015ftirildi. Ayr\u0131ca Konya Sanayi Odas\u0131 Mesleki E\u011fitim ve Dan\u0131\u015fmanl\u0131k Hizmetleri yetkilisi taraf\u0131ndan da enerji verimlili\u011fi ile ilgili bilgilendirme yap\u0131ld\u0131.<\/p>\n<p>Toplant\u0131da, sanayicilerle raporun detaylar\u0131 payla\u015f\u0131ld\u0131 ve kat\u0131l\u0131mc\u0131lar\u0131n g\u00f6r\u00fc\u015fleri al\u0131nd\u0131. U\u015fak ekonomisinin lokomotifi olan tekstil sekt\u00f6r\u00fcn\u00fcn g\u00fc\u00e7lendirilmesi ve katma de\u011ferli \u00fcretim metotlar\u0131n\u0131n benimsenmesi gerekti\u011fi vurguland\u0131. Teknik tekstil, kompozit malzemeler ve s\u00fcrd\u00fcr\u00fclebilir \u00fcretim y\u00f6ntemlerinin, ilin ulusal ve uluslararas\u0131 rekabet g\u00fcc\u00fcn\u00fc art\u0131raca\u011f\u0131 belirtildi.<\/p>\n<p>Toplant\u0131 U\u015fak ekonomisinin sekt\u00f6rel \u00e7e\u015fitlili\u011fini art\u0131rmaya y\u00f6nelik politika \u00f6nerileri ve stratejilerin tart\u0131\u015f\u0131lmas\u0131yla sona erdi. Kat\u0131l\u0131mc\u0131lar, raporda yer alan stratejik s\u0131\u00e7rama alanlar\u0131n\u0131n U\u015fak\u2019\u0131n kalk\u0131nmas\u0131na \u00f6nemli katk\u0131lar sa\u011flayaca\u011f\u0131 konusunda hemfikir olduklar\u0131n\u0131 belirttiler.<\/p>\n<p>Bu kapsaml\u0131 \u00e7al\u0131\u015fma, U\u015fak\u2019\u0131n sanayi yap\u0131s\u0131n\u0131 g\u00fc\u00e7lendirmek ve ilin s\u00fcrd\u00fcr\u00fclebilir kalk\u0131nma hedeflerine ula\u015fmas\u0131na rehberlik etmek amac\u0131yla hayata ge\u00e7irildi. Sanayicilerin g\u00f6r\u00fc\u015fleriyle zenginle\u015fen bu plan, U\u015fak\u2019\u0131n gelecekteki d\u00f6n\u00fc\u015f\u00fcm hedeflerine \u0131\u015f\u0131k tutacak.<br \/><\/p>\n","protected":false},"excerpt":{"rendered":"<p>U\u015fak ekonomisinin sekt\u00f6rel yap\u0131s\u0131n\u0131 de\u011ferlendirmek ve s\u00fcrd\u00fcr\u00fclebilir kalk\u0131nma hedeflerini hayata ge\u00e7irmek amac\u0131yla Zafer Kalk\u0131nma Ajans\u0131 koordinasyonunda haz\u0131rlanan \u201cSanayi D\u00f6n\u00fc\u015f\u00fcm Plan\u0131\u201d U\u015fak Valili\u011finde d\u00fczenlenen bir toplant\u0131yla sanayicilere tan\u0131t\u0131ld\u0131. Toplant\u0131ya U\u015fak\u2019taki sanayiciler, i\u015f d\u00fcnyas\u0131 temsilcileri ve kamu kurumlar\u0131n\u0131n yetkilileri yo\u011fun ilgi g\u00f6sterdi. Plan\u0131 haz\u0131rlayan T\u00fcrkiye Ekonomi Politikalar\u0131 Ara\u015ft\u0131rma Vakf\u0131 (TEPAV) yetkilisi taraf\u0131ndan ayr\u0131nt\u0131l\u0131 bir sunum ger\u00e7ekle\u015ftirildi. Ayr\u0131ca&#8230;<\/p>\n","protected":false},"author":1,"featured_media":13658,"comment_status":"open","ping_status":"open","sticky":false,"template":"","format":"standard","meta":{"_crdt_document":"","footnotes":""},"categories":[125],"tags":[],"class_list":["post-13657","post","type-post","status-publish","format-standard","has-post-thumbnail","hentry","category-ekonomi"],"_links":{"self":[{"href":"https:\/\/www.egemtv.com\/index.php?rest_route=\/wp\/v2\/posts\/13657","targetHints":{"allow":["GET"]}}],"collection":[{"href":"https:\/\/www.egemtv.com\/index.php?rest_route=\/wp\/v2\/posts"}],"about":[{"href":"https:\/\/www.egemtv.com\/index.php?rest_route=\/wp\/v2\/types\/post"}],"author":[{"embeddable":true,"href":"https:\/\/www.egemtv.com\/index.php?rest_route=\/wp\/v2\/users\/1"}],"replies":[{"embeddable":true,"href":"https:\/\/www.egemtv.com\/index.php?rest_route=%2Fwp%2Fv2%2Fcomments&post=13657"}],"version-history":[{"count":1,"href":"https:\/\/www.egemtv.com\/index.php?rest_route=\/wp\/v2\/posts\/13657\/revisions"}],"predecessor-version":[{"id":13659,"href":"https:\/\/www.egemtv.com\/index.php?rest_route=\/wp\/v2\/posts\/13657\/revisions\/13659"}],"wp:featuredmedia":[{"embeddable":true,"href":"https:\/\/www.egemtv.com\/index.php?rest_route=\/wp\/v2\/media\/13658"}],"wp:attachment":[{"href":"https:\/\/www.egemtv.com\/index.php?rest_route=%2Fwp%2Fv2%2Fmedia&parent=13657"}],"wp:term":[{"taxonomy":"category","embeddable":true,"href":"https:\/\/www.egemtv.com\/index.php?rest_route=%2Fwp%2Fv2%2Fcategories&post=13657"},{"taxonomy":"post_tag","embeddable":true,"href":"https:\/\/www.egemtv.com\/index.php?rest_route=%2Fwp%2Fv2%2Ftags&post=13657"}],"curies":[{"name":"wp","href":"https:\/\/api.w.org\/{rel}","templated":true}]}}