{"id":13654,"date":"2025-01-30T10:49:59","date_gmt":"2025-01-30T07:49:59","guid":{"rendered":"https:\/\/www.egemtv.com\/?p=13654"},"modified":"2025-01-30T10:50:02","modified_gmt":"2025-01-30T07:50:02","slug":"denizli-osb-teknopark-stratejik-plan-calistayiyla-gelecegin-teknolojileri-icin-ilk-adim-atildi","status":"publish","type":"post","link":"https:\/\/www.egemtv.com\/?p=13654","title":{"rendered":"Denizli OSB Teknopark Stratejik Plan \u00c7al\u0131\u015ftay\u0131yla gelece\u011fin teknolojileri i\u00e7in ilk ad\u0131m at\u0131ld\u0131"},"content":{"rendered":"<p>Denizli Organize Sanayi B\u00f6lgesi\u2019ne kazand\u0131r\u0131lacak Denizli OSB Teknopark kapsam\u0131nda kent protokol\u00fc, sanayiciler ve yat\u0131r\u0131mc\u0131lar\u0131n kat\u0131l\u0131m\u0131yla \u00e7al\u0131\u015ftay ger\u00e7ekle\u015ftirildi.<\/p>\n<p>Denizli Organize Sanayi B\u00f6lge M\u00fcd\u00fcrl\u00fc\u011f\u00fc Konferans Salonu\u2019nda d\u00fczenlenen Denizli OSB Teknopark Stratejik Plan \u00c7al\u0131\u015ftay\u0131na Denizli Vali Yard\u0131mc\u0131s\u0131 Vekili Abdullah Kad\u0131o\u011flu, Denizli OSB Teknopark Y\u00f6netim Kurulu Ba\u015fkan\u0131 Derya Baltal\u0131, Denizli Sanayi Odas\u0131 Ba\u015fkan\u0131 Selim Kasapo\u011flu, Denizli OSB Teknopark \u0130cra Kurulu, Denizli Ticaret Odas\u0131 Ba\u015fkan\u0131 U\u011fur Erdo\u011fan, Denizli OSB Teknopark Y\u00f6netim Kurulu \u00dcyeleri Selim Yaymano\u011flu, Cemalcan Sirkeci, Prof. Dr. Sezai Tokat, Prof. Dr. Turan Karadeniz, Ahmet Ta\u015f, Denizli OSB Y\u00f6netim Kurulu \u00dcyesi Mehmet \u00c7al\u0131\u015fkan, Denizli OSB Teknokent Genel M\u00fcd\u00fcr\u00fc Prof. Dr. Ersan \u00d6z, PA\u00dc Teknokent Genel M\u00fcd\u00fcr\u00fc Prof. Dr. \u0130smail Oval\u0131, GEKA Genel Sekreteri \u00dcmit G\u00fclya\u011f\u0131, Sanayi ve Teknoloji \u0130l M\u00fcd\u00fcrl\u00fc\u011f\u00fc M\u00fcd\u00fcr Yard\u0131mc\u0131s\u0131 Mehmet Emin Altunba\u015f, sanayiciler, Ar-Ge Merkezlerinin temsilcileri ve yat\u0131r\u0131mc\u0131lar kat\u0131ld\u0131.<\/p>\n<p>\u201cBiz T\u00fcrkiye\u2019nin 104\u2019\u00fcnc\u00fc teknopark\u0131y\u0131z\u201d<br \/>\n<br \/>\u00c7al\u0131\u015ftay\u0131n a\u00e7\u0131l\u0131\u015f konu\u015fmas\u0131n\u0131 yapan Denizli OSB Teknopark Y\u00f6netim Kurulu Ba\u015fkan\u0131 Derya Baltal\u0131; \u201cGelece\u011fi \u015fekillendirmeyi ama\u00e7layan Denizli OSB Teknopark olarak 2025, 2026 ve 2027 y\u0131llar\u0131n\u0131 kapsayan stratejik plan \u00e7al\u0131\u015fmas\u0131 yapmak \u00fczere topland\u0131k. Zamana ayak uydurup di\u011ferlerinin \u00f6n\u00fcne ge\u00e7mek isteyen \u015firketlerin teknoloji ve dijitalle\u015fme konusunda ge\u00e7 kalmamas\u0131 gerekiyor. Stratejik plan \u00e7al\u0131\u015fmam\u0131z ak\u0131l \u00e7a\u011f\u0131nda i\u015fbirli\u011fi \u00fczerine kurulmal\u0131d\u0131r. Biz T\u00fcrkiye\u2019nin 104\u2019\u00fcnc\u00fc Teknopark\u0131y\u0131z. Bizden \u00f6nce kurulanlar bir hayli yol ald\u0131lar. Bizlerin de \u00fclkemize, \u015fehrimize ve sanayicilerimize yararl\u0131 projeler \u00fcretece\u011fimize olan inanc\u0131m tamd\u0131r. Bu \u00e7al\u0131\u015ftaya da katk\u0131da bulunmak ad\u0131na bizleri yaln\u0131z b\u0131rakmad\u0131\u011f\u0131n\u0131n\u0131z i\u00e7in te\u015fekk\u00fcr ederim. Ayr\u0131ca Teknopark\u0131m\u0131z\u0131n bug\u00fcnlere gelmesinde maddi manevi eme\u011fi ge\u00e7en Rekt\u00f6r\u00fcm\u00fcze ve de\u011ferli Oda Ba\u015fkanlar\u0131m\u0131za da \u00e7ok te\u015fekk\u00fcr ederim\u201d dedi.<\/p>\n<p>\u201cSanayicilerimizin kat\u0131l\u0131m\u0131n\u0131 ve deste\u011fini g\u00f6rmek istiyoruz\u201d<br \/>\n<br \/>Denizli OSB Teknopark \u0130cra Kurulu, Denizli Ticaret Odas\u0131 Ba\u015fkan\u0131 U\u011fur Erdo\u011fan ise ger\u00e7ekle\u015ftirdi\u011fi konu\u015fmada; \u201cDenizli Ticaret Odas\u0131 olarak Organize Sanayi B\u00f6lgemize ve kentimize kazand\u0131r\u0131lacak olan OSB Teknopark\u0131m\u0131z\u0131 \u00e7ok de\u011ferli buluyor, her zaman destek\u00e7isi olaca\u011f\u0131m\u0131z\u0131 da belirtmek istiyorum. K\u00fcresel ekonomik ticarette ikiz d\u00f6n\u00fc\u015f\u00fcm olarak ortaya \u00e7\u0131kan Ye\u015fil D\u00f6n\u00fc\u015f\u00fcm ve Dijital D\u00f6n\u00fc\u015f\u00fcm ad\u0131mlar\u0131na katk\u0131da bulunaca\u011f\u0131z. Yapay zeka ve finansal teknolojiler ortaya \u00e7\u0131karan, katma de\u011feri y\u00fcksek hizmetleri geli\u015ftirecek projelerin Denizli\u2019mize ve \u00fclkemize b\u00fcy\u00fck bir katk\u0131 sa\u011flayaca\u011f\u0131na inanc\u0131m\u0131z tamd\u0131r. Benim arzum sanayicilerimizin daha \u00e7ok kat\u0131l\u0131m\u0131n\u0131 ve deste\u011fini g\u00f6rmek.  At\u0131lan bu cesur ad\u0131m\u0131 takdir ve tebrik ediyor, Denizli OSB Teknopark Y\u00f6netim Kurulu ve ekibi ba\u015fta olmak \u00fczere emek veren herkese te\u015fekk\u00fcr ediyorum\u201d ifadelerini kulland\u0131.<\/p>\n<p>Konu\u015fmalar\u0131n ard\u0131ndan Denizli OSB Genel M\u00fcd\u00fcr\u00fc Prof. Dr. Ersan \u00d6z, Denizli OSB Teknopark ile ilgili detaylar\u0131 ger\u00e7ekle\u015ftirdi\u011fi sunumla kat\u0131l\u0131mc\u0131lara aktard\u0131. Sunum sonras\u0131nda OSB Teknopark Y\u00f6netim Kurulu \u00dcyesi Selim Yaymano\u011flu\u2019nun moderat\u00f6rl\u00fc\u011f\u00fcnde soru-cevap b\u00f6l\u00fcm\u00fcne ge\u00e7ildi. Kat\u0131l\u0131mc\u0131lar merak ettikleri sorular\u0131 y\u00f6neltirken OSB Teknopark\u2019a katk\u0131 sa\u011flayacak fikirlerini de payla\u015ft\u0131.<br \/><\/p>\n","protected":false},"excerpt":{"rendered":"<p>Denizli Organize Sanayi B\u00f6lgesi\u2019ne kazand\u0131r\u0131lacak Denizli OSB Teknopark kapsam\u0131nda kent protokol\u00fc, sanayiciler ve yat\u0131r\u0131mc\u0131lar\u0131n kat\u0131l\u0131m\u0131yla \u00e7al\u0131\u015ftay ger\u00e7ekle\u015ftirildi. Denizli Organize Sanayi B\u00f6lge M\u00fcd\u00fcrl\u00fc\u011f\u00fc Konferans Salonu\u2019nda d\u00fczenlenen Denizli OSB Teknopark Stratejik Plan \u00c7al\u0131\u015ftay\u0131na Denizli Vali Yard\u0131mc\u0131s\u0131 Vekili Abdullah Kad\u0131o\u011flu, Denizli OSB Teknopark Y\u00f6netim Kurulu Ba\u015fkan\u0131 Derya Baltal\u0131, Denizli Sanayi Odas\u0131 Ba\u015fkan\u0131 Selim Kasapo\u011flu, Denizli OSB Teknopark \u0130cra&#8230;<\/p>\n","protected":false},"author":1,"featured_media":13655,"comment_status":"open","ping_status":"open","sticky":false,"template":"","format":"standard","meta":{"_crdt_document":"","footnotes":""},"categories":[125],"tags":[],"class_list":["post-13654","post","type-post","status-publish","format-standard","has-post-thumbnail","hentry","category-ekonomi"],"_links":{"self":[{"href":"https:\/\/www.egemtv.com\/index.php?rest_route=\/wp\/v2\/posts\/13654","targetHints":{"allow":["GET"]}}],"collection":[{"href":"https:\/\/www.egemtv.com\/index.php?rest_route=\/wp\/v2\/posts"}],"about":[{"href":"https:\/\/www.egemtv.com\/index.php?rest_route=\/wp\/v2\/types\/post"}],"author":[{"embeddable":true,"href":"https:\/\/www.egemtv.com\/index.php?rest_route=\/wp\/v2\/users\/1"}],"replies":[{"embeddable":true,"href":"https:\/\/www.egemtv.com\/index.php?rest_route=%2Fwp%2Fv2%2Fcomments&post=13654"}],"version-history":[{"count":1,"href":"https:\/\/www.egemtv.com\/index.php?rest_route=\/wp\/v2\/posts\/13654\/revisions"}],"predecessor-version":[{"id":13656,"href":"https:\/\/www.egemtv.com\/index.php?rest_route=\/wp\/v2\/posts\/13654\/revisions\/13656"}],"wp:featuredmedia":[{"embeddable":true,"href":"https:\/\/www.egemtv.com\/index.php?rest_route=\/wp\/v2\/media\/13655"}],"wp:attachment":[{"href":"https:\/\/www.egemtv.com\/index.php?rest_route=%2Fwp%2Fv2%2Fmedia&parent=13654"}],"wp:term":[{"taxonomy":"category","embeddable":true,"href":"https:\/\/www.egemtv.com\/index.php?rest_route=%2Fwp%2Fv2%2Fcategories&post=13654"},{"taxonomy":"post_tag","embeddable":true,"href":"https:\/\/www.egemtv.com\/index.php?rest_route=%2Fwp%2Fv2%2Ftags&post=13654"}],"curies":[{"name":"wp","href":"https:\/\/api.w.org\/{rel}","templated":true}]}}