{"id":13651,"date":"2025-01-30T10:43:13","date_gmt":"2025-01-30T07:43:13","guid":{"rendered":"https:\/\/www.egemtv.com\/?p=13651"},"modified":"2025-01-30T10:43:16","modified_gmt":"2025-01-30T07:43:16","slug":"cesedi-cuvalda-bulunan-kadinin-olumuyle-ilgili-olarak-3-kisi-gozaltina-alindi","status":"publish","type":"post","link":"https:\/\/www.egemtv.com\/?p=13651","title":{"rendered":"Cesedi \u00e7uvalda bulunan kad\u0131n\u0131n \u00f6l\u00fcm\u00fcyle ilgili olarak 3 ki\u015fi g\u00f6zalt\u0131na al\u0131nd\u0131"},"content":{"rendered":"<p>Denizli\u2019nin \u00c7ivril il\u00e7esinde 3 g\u00fcn \u00f6nce \u2019Kom\u015fuya gidiyorum\u2019 diyerek evden ayr\u0131lan ya\u015fl\u0131 kad\u0131n\u0131n cans\u0131z bedeni, evinden 30 metre uzakl\u0131kta bulunan bir evin bah\u00e7esindeki \u00e7uval\u0131n i\u00e7inde bulundu. Olayda ilgili 1\u2019i kad\u0131n 3 ki\u015fi g\u00f6zalt\u0131na al\u0131nd\u0131.<br \/>\n<br \/>\u00c7ivril il\u00e7esine ba\u011fl\u0131 \u00c7ar\u015f\u0131 Mahallesi\u2019nde meydana gelen olayda; 3 g\u00fcn \u00f6nce \u2019Kom\u015fuya gidiyorum\u2019 diyerek evden \u00e7\u0131kan Serpil Girgin\u2019den (54) bir daha haber al\u0131namad\u0131. 54 ya\u015f\u0131ndaki kad\u0131na ula\u015famayan yak\u0131nlar\u0131 durumu polis ekiplerini bildirdi. Kay\u0131p ihbar\u0131n\u0131n ard\u0131ndan evin \u00e7evresinde ve mahallede \u00e7al\u0131\u015fma ba\u015flatan polis ekipleri, kay\u0131p kad\u0131n\u0131n kar\u015f\u0131 kom\u015fusuna ait bah\u00e7esindeki \u00e7uval\u0131n dikkatlerini \u00e7ekmesi \u00fczerine arama yapt\u0131. Yap\u0131lan aramada \u00e7uval i\u00e7erisinde Serpil Girgin\u2019in cans\u0131z bedeni bulundu.<br \/>\n<br \/>Polis olay ile ilgili titiz bir \u00e7al\u0131\u015fma ba\u015flat\u0131rken ev sahibi ifadesine ba\u015fvurulmak \u00fczere polis merkezine g\u00f6t\u00fcr\u00fcld\u00fc. B\u00f6lgede olay yeri inceleme ve \u00c7ivril Cumhuriyet Ba\u015fsavc\u0131s\u0131n\u0131n yapt\u0131\u011f\u0131 incelemenin ard\u0131ndan Serpil Girgin\u2019in cenazesi kesin \u00f6l\u00fcm sebebinin belirlenmesi ve otopsi yap\u0131lmak \u00fczere Denizli Adli T\u0131p Kurumu morguna kald\u0131r\u0131ld\u0131.<br \/>\n<br \/>\u00d6te yandan, polis ekipleri cinayetin \u015f\u00fcpheli veya \u015f\u00fcphelilerini yakalamak i\u00e7in \u00e7al\u0131\u015fmalar\u0131n\u0131 s\u00fcrd\u00fcr\u00fcrken, olayla ilgili 1\u2019i kad\u0131n 3 ki\u015fi g\u00f6zalt\u0131na al\u0131nd\u0131. Sorgular\u0131 devam eden \u015f\u00fcphelilerin adliyeye sevk edilmesi bekleniyor.<br \/><\/p>\n","protected":false},"excerpt":{"rendered":"<p>Denizli\u2019nin \u00c7ivril il\u00e7esinde 3 g\u00fcn \u00f6nce \u2019Kom\u015fuya gidiyorum\u2019 diyerek evden ayr\u0131lan ya\u015fl\u0131 kad\u0131n\u0131n cans\u0131z bedeni, evinden 30 metre uzakl\u0131kta bulunan bir evin bah\u00e7esindeki \u00e7uval\u0131n i\u00e7inde bulundu. Olayda ilgili 1\u2019i kad\u0131n 3 ki\u015fi g\u00f6zalt\u0131na al\u0131nd\u0131. \u00c7ivril il\u00e7esine ba\u011fl\u0131 \u00c7ar\u015f\u0131 Mahallesi\u2019nde meydana gelen olayda; 3 g\u00fcn \u00f6nce \u2019Kom\u015fuya gidiyorum\u2019 diyerek evden \u00e7\u0131kan Serpil Girgin\u2019den (54) bir daha&#8230;<\/p>\n","protected":false},"author":1,"featured_media":13652,"comment_status":"open","ping_status":"open","sticky":false,"template":"","format":"standard","meta":{"_crdt_document":"","footnotes":""},"categories":[5],"tags":[],"class_list":["post-13651","post","type-post","status-publish","format-standard","has-post-thumbnail","hentry","category-asayis"],"_links":{"self":[{"href":"https:\/\/www.egemtv.com\/index.php?rest_route=\/wp\/v2\/posts\/13651","targetHints":{"allow":["GET"]}}],"collection":[{"href":"https:\/\/www.egemtv.com\/index.php?rest_route=\/wp\/v2\/posts"}],"about":[{"href":"https:\/\/www.egemtv.com\/index.php?rest_route=\/wp\/v2\/types\/post"}],"author":[{"embeddable":true,"href":"https:\/\/www.egemtv.com\/index.php?rest_route=\/wp\/v2\/users\/1"}],"replies":[{"embeddable":true,"href":"https:\/\/www.egemtv.com\/index.php?rest_route=%2Fwp%2Fv2%2Fcomments&post=13651"}],"version-history":[{"count":1,"href":"https:\/\/www.egemtv.com\/index.php?rest_route=\/wp\/v2\/posts\/13651\/revisions"}],"predecessor-version":[{"id":13653,"href":"https:\/\/www.egemtv.com\/index.php?rest_route=\/wp\/v2\/posts\/13651\/revisions\/13653"}],"wp:featuredmedia":[{"embeddable":true,"href":"https:\/\/www.egemtv.com\/index.php?rest_route=\/wp\/v2\/media\/13652"}],"wp:attachment":[{"href":"https:\/\/www.egemtv.com\/index.php?rest_route=%2Fwp%2Fv2%2Fmedia&parent=13651"}],"wp:term":[{"taxonomy":"category","embeddable":true,"href":"https:\/\/www.egemtv.com\/index.php?rest_route=%2Fwp%2Fv2%2Fcategories&post=13651"},{"taxonomy":"post_tag","embeddable":true,"href":"https:\/\/www.egemtv.com\/index.php?rest_route=%2Fwp%2Fv2%2Ftags&post=13651"}],"curies":[{"name":"wp","href":"https:\/\/api.w.org\/{rel}","templated":true}]}}