{"id":13645,"date":"2025-01-30T10:40:33","date_gmt":"2025-01-30T07:40:33","guid":{"rendered":"https:\/\/www.egemtv.com\/?p=13645"},"modified":"2025-01-30T10:40:35","modified_gmt":"2025-01-30T07:40:35","slug":"denizli-buyuksehirin-ucretsiz-tamirat-destegi-ile-yuzler-guluyor","status":"publish","type":"post","link":"https:\/\/www.egemtv.com\/?p=13645","title":{"rendered":"Denizli B\u00fcy\u00fck\u015fehirin \u00fccretsiz tamirat deste\u011fi ile y\u00fczler g\u00fcl\u00fcyor"},"content":{"rendered":"<p>Denizli B\u00fcy\u00fck\u015fehir Belediyesi, 65 ya\u015f \u00fcst\u00fc vatanda\u015flar\u0131n evlerinde ya\u015fad\u0131\u011f\u0131 su ve elektrik sorunlar\u0131n\u0131 birer birer \u00e7\u00f6z\u00fcyor. B\u00fcy\u00fck\u015fehir Belediyesinin \u00fccretsiz tamirat deste\u011finden faydalanan vatanda\u015flar hizmetten memnun oldu\u011funu dile getirerek Ba\u015fkan \u00c7avu\u015fo\u011flu\u2019na te\u015fekk\u00fcr etti.<\/p>\n<p>Denizli B\u00fcy\u00fck\u015fehir Belediyesi Evde Mini Bak\u0131m Onar\u0131m Ekibi, ihtiya\u00e7 sahibi yurtta\u015flar\u0131n derdine derman oluyor. 65 ya\u015f \u00fcst\u00fc vatanda\u015flar www.denizli.bel.tr adresinden veya ALO 153\u2019e ula\u015farak yapt\u0131\u011f\u0131 ba\u015fvurular ile sorunlu su ve elektrik tesisat\u0131 problemlerini Denizli B\u00fcy\u00fck\u015fehir Belediyesi Destek Hizmetleri Dairesi ekiplerince \u00e7\u00f6zme imkan\u0131na kavu\u015fuyor.<\/p>\n<p>Ba\u015fkan \u00c7avu\u015fo\u011flu\u2019na te\u015fekk\u00fcr<br \/>\n<br \/>\u00dccretsiz tamirat deste\u011fi ile 7 g\u00fcn 24 saat demeden ihtiya\u00e7 sahibi vatanda\u015flar\u0131n yan\u0131nda olan ekipler bu kapsamda \u0130ncilip\u0131nar Mahallesi\u2019nden Hasan G\u00f6k\u00e7en ile Ye\u015filyurt Mahallesi\u2019nden Ay\u015fen Baran\u2019\u0131n evlerinde ya\u015fanan elektrik ve su ar\u0131zalar\u0131n\u0131 giderdi. Hasan G\u00f6k\u00e7en, \u201cSay\u0131n Ba\u015fkan\u0131m\u0131z B\u00fclent Nuri \u00c7avu\u015fo\u011flu ve ekip arkada\u015flar\u0131na \u00e7ok te\u015fekk\u00fcr ederim. Elektrik ve su ar\u0131zam vard\u0131, sa\u011f olsun arkada\u015flar geldi, ar\u0131za giderildi. Ellerine, emeklerine sa\u011fl\u0131k \u00e7ok te\u015fekk\u00fcr ederim, bu proje ger\u00e7ekten m\u00fckemmel\u201d diye konu\u015ftu. Ay\u015fen Baran ise, \u201cBelediyeye m\u00fcracaat ettim, \u00e7ok te\u015fekk\u00fcr ederim, personelleri g\u00f6nderdiler, benim \u00e7e\u015fmeyi tamir ettiler. Allah raz\u0131 olsun. B\u00fcy\u00fck\u015fehir Belediyemize \u00e7ok te\u015fekk\u00fcr ederim\u201d ifadelerini kulland\u0131.  Bak\u0131m-onar\u0131m g\u00f6revlisi Mustafa Demir de, \u201cYeni projemiz olan 65 ya\u015f \u00fcst\u00fc vatanda\u015flar\u0131m\u0131z\u0131n ihtiya\u00e7lar\u0131 do\u011frultusunda elektrik- su ar\u0131zalar\u0131n\u0131 gideriyoruz. Ba\u015fkan\u0131m\u0131z Say\u0131n B\u00fclent Nuri \u00c7avu\u015fo\u011flu liderli\u011finde mutlu insanlar\u0131n \u015fehri Denizlimizde halk\u0131m\u0131za hizmet etmeye devam edece\u011fiz\u201d dedi.<\/p>\n<p>S\u00f6z konusu destekten faydalanmak isteyen yurtta\u015flar\u0131n Pamukkale ve Merkezefendi il\u00e7elerinde ikamet ediyor olmalar\u0131, hane halk\u0131 gelirinin 15 bin TL\u2019yi ge\u00e7memesi ve gerekli malzeme temininin ise ba\u015fvuru sahibine ait oldu\u011fu hat\u0131rlat\u0131ld\u0131.<br \/><\/p>\n","protected":false},"excerpt":{"rendered":"<p>Denizli B\u00fcy\u00fck\u015fehir Belediyesi, 65 ya\u015f \u00fcst\u00fc vatanda\u015flar\u0131n evlerinde ya\u015fad\u0131\u011f\u0131 su ve elektrik sorunlar\u0131n\u0131 birer birer \u00e7\u00f6z\u00fcyor. B\u00fcy\u00fck\u015fehir Belediyesinin \u00fccretsiz tamirat deste\u011finden faydalanan vatanda\u015flar hizmetten memnun oldu\u011funu dile getirerek Ba\u015fkan \u00c7avu\u015fo\u011flu\u2019na te\u015fekk\u00fcr etti. Denizli B\u00fcy\u00fck\u015fehir Belediyesi Evde Mini Bak\u0131m Onar\u0131m Ekibi, ihtiya\u00e7 sahibi yurtta\u015flar\u0131n derdine derman oluyor. 65 ya\u015f \u00fcst\u00fc vatanda\u015flar www.denizli.bel.tr adresinden veya ALO 153\u2019e&#8230;<\/p>\n","protected":false},"author":1,"featured_media":13646,"comment_status":"open","ping_status":"open","sticky":false,"template":"","format":"standard","meta":{"_crdt_document":"","footnotes":""},"categories":[123],"tags":[],"class_list":["post-13645","post","type-post","status-publish","format-standard","has-post-thumbnail","hentry","category-gundem"],"_links":{"self":[{"href":"https:\/\/www.egemtv.com\/index.php?rest_route=\/wp\/v2\/posts\/13645","targetHints":{"allow":["GET"]}}],"collection":[{"href":"https:\/\/www.egemtv.com\/index.php?rest_route=\/wp\/v2\/posts"}],"about":[{"href":"https:\/\/www.egemtv.com\/index.php?rest_route=\/wp\/v2\/types\/post"}],"author":[{"embeddable":true,"href":"https:\/\/www.egemtv.com\/index.php?rest_route=\/wp\/v2\/users\/1"}],"replies":[{"embeddable":true,"href":"https:\/\/www.egemtv.com\/index.php?rest_route=%2Fwp%2Fv2%2Fcomments&post=13645"}],"version-history":[{"count":1,"href":"https:\/\/www.egemtv.com\/index.php?rest_route=\/wp\/v2\/posts\/13645\/revisions"}],"predecessor-version":[{"id":13647,"href":"https:\/\/www.egemtv.com\/index.php?rest_route=\/wp\/v2\/posts\/13645\/revisions\/13647"}],"wp:featuredmedia":[{"embeddable":true,"href":"https:\/\/www.egemtv.com\/index.php?rest_route=\/wp\/v2\/media\/13646"}],"wp:attachment":[{"href":"https:\/\/www.egemtv.com\/index.php?rest_route=%2Fwp%2Fv2%2Fmedia&parent=13645"}],"wp:term":[{"taxonomy":"category","embeddable":true,"href":"https:\/\/www.egemtv.com\/index.php?rest_route=%2Fwp%2Fv2%2Fcategories&post=13645"},{"taxonomy":"post_tag","embeddable":true,"href":"https:\/\/www.egemtv.com\/index.php?rest_route=%2Fwp%2Fv2%2Ftags&post=13645"}],"curies":[{"name":"wp","href":"https:\/\/api.w.org\/{rel}","templated":true}]}}