{"id":13642,"date":"2025-01-30T10:33:37","date_gmt":"2025-01-30T07:33:37","guid":{"rendered":"https:\/\/www.egemtv.com\/?p=13642"},"modified":"2025-01-30T10:33:39","modified_gmt":"2025-01-30T07:33:39","slug":"nazilli-belediyesi-ocak-ayi-icerisinde-calismalarina-devam-etti","status":"publish","type":"post","link":"https:\/\/www.egemtv.com\/?p=13642","title":{"rendered":"Nazilli Belediyesi, Ocak ay\u0131 i\u00e7erisinde \u00e7al\u0131\u015fmalar\u0131na devam etti"},"content":{"rendered":"<p>Nazilli Belediyesi, 2025 y\u0131l\u0131n\u0131n ilk ay\u0131nda ger\u00e7ekle\u015ftirdi\u011fi \u00e7al\u0131\u015fmalar\u0131n \u00f6zetini i\u00e7eren \u201c60 Saniyede Ocak Ay\u0131\u201d videosunu sosyal medya hesaplar\u0131ndan payla\u015ft\u0131.<br \/>\n<br \/>Yol yap\u0131m\u0131ndan \u00e7evre temizli\u011fine, k\u00fclt\u00fcr-sanat etkinliklerinden sosyal belediyecilik hizmetlerine kadar geni\u015f bir yelpazede faaliyet g\u00f6steren belediye ekipleri, k\u0131sa s\u00fcrede ger\u00e7ekle\u015ftirdikleri projelerle vatanda\u015flar\u0131n be\u011fenisini kazand\u0131.<br \/>\n<br \/>30 g\u00fcn i\u00e7inde; \u015eirinevler, Y\u0131ld\u0131ztepe, Zafer, Kara\u00e7ay, Yeni, Kurtulu\u015f, Cumhuriyet, Yeni Sanayi, Arslanl\u0131, Mescitli, Ye\u015filyurt, Yal\u0131nkuyu, Sailer, K\u0131z\u0131ldere, G\u00fczelk\u00f6y, S\u00fcmer, Bay\u0131nd\u0131r, Aydo\u011fdu, Prof. Muammer Aksoy, \u0130stiklal, Dall\u0131ca, Bozyurt, Turan, \u0130sabeyli ve daha bir\u00e7ok mahallede hizmet sunan belediye ekipleri, Belediye Ba\u015fkan\u0131 Dr. Ertu\u011frul Tetik\u2019in \u00f6nc\u00fcl\u00fc\u011f\u00fcnde ba\u015flat\u0131lan yol yap\u0131m ve temizlik seferberli\u011fi kapsam\u0131nda projeleri bir bir hayata ge\u00e7irdi.<br \/>\n<br \/>Nazilli halk\u0131na daha ya\u015fanabilir bir \u00e7evre sunmak amac\u0131yla \u00e7al\u0131\u015fan ekipler, yollar\u0131n bak\u0131m ve onar\u0131m\u0131n\u0131 ger\u00e7ekle\u015ftirirken, temizlik \u00e7al\u0131\u015fmalar\u0131na da aral\u0131ks\u0131z devam etti.<br \/>\n<br \/>Belediyenin Ocak ay\u0131 boyunca yapt\u0131\u011f\u0131 \u00e7al\u0131\u015fmalar, yay\u0131nlanan video ile vatanda\u015flara sunulurken, yo\u011fun mesai harcayan ekiplerin hizmetleri sosyal medya kullan\u0131c\u0131lar\u0131 taraf\u0131ndan be\u011feniyle kar\u015f\u0131land\u0131.<br \/><\/p>\n","protected":false},"excerpt":{"rendered":"<p>Nazilli Belediyesi, 2025 y\u0131l\u0131n\u0131n ilk ay\u0131nda ger\u00e7ekle\u015ftirdi\u011fi \u00e7al\u0131\u015fmalar\u0131n \u00f6zetini i\u00e7eren \u201c60 Saniyede Ocak Ay\u0131\u201d videosunu sosyal medya hesaplar\u0131ndan payla\u015ft\u0131. Yol yap\u0131m\u0131ndan \u00e7evre temizli\u011fine, k\u00fclt\u00fcr-sanat etkinliklerinden sosyal belediyecilik hizmetlerine kadar geni\u015f bir yelpazede faaliyet g\u00f6steren belediye ekipleri, k\u0131sa s\u00fcrede ger\u00e7ekle\u015ftirdikleri projelerle vatanda\u015flar\u0131n be\u011fenisini kazand\u0131. 30 g\u00fcn i\u00e7inde; \u015eirinevler, Y\u0131ld\u0131ztepe, Zafer, Kara\u00e7ay, Yeni, Kurtulu\u015f, Cumhuriyet, Yeni Sanayi,&#8230;<\/p>\n","protected":false},"author":1,"featured_media":13643,"comment_status":"open","ping_status":"open","sticky":false,"template":"","format":"standard","meta":{"_crdt_document":"","footnotes":""},"categories":[1],"tags":[],"class_list":["post-13642","post","type-post","status-publish","format-standard","has-post-thumbnail","hentry","category-guncel"],"_links":{"self":[{"href":"https:\/\/www.egemtv.com\/index.php?rest_route=\/wp\/v2\/posts\/13642","targetHints":{"allow":["GET"]}}],"collection":[{"href":"https:\/\/www.egemtv.com\/index.php?rest_route=\/wp\/v2\/posts"}],"about":[{"href":"https:\/\/www.egemtv.com\/index.php?rest_route=\/wp\/v2\/types\/post"}],"author":[{"embeddable":true,"href":"https:\/\/www.egemtv.com\/index.php?rest_route=\/wp\/v2\/users\/1"}],"replies":[{"embeddable":true,"href":"https:\/\/www.egemtv.com\/index.php?rest_route=%2Fwp%2Fv2%2Fcomments&post=13642"}],"version-history":[{"count":1,"href":"https:\/\/www.egemtv.com\/index.php?rest_route=\/wp\/v2\/posts\/13642\/revisions"}],"predecessor-version":[{"id":13644,"href":"https:\/\/www.egemtv.com\/index.php?rest_route=\/wp\/v2\/posts\/13642\/revisions\/13644"}],"wp:featuredmedia":[{"embeddable":true,"href":"https:\/\/www.egemtv.com\/index.php?rest_route=\/wp\/v2\/media\/13643"}],"wp:attachment":[{"href":"https:\/\/www.egemtv.com\/index.php?rest_route=%2Fwp%2Fv2%2Fmedia&parent=13642"}],"wp:term":[{"taxonomy":"category","embeddable":true,"href":"https:\/\/www.egemtv.com\/index.php?rest_route=%2Fwp%2Fv2%2Fcategories&post=13642"},{"taxonomy":"post_tag","embeddable":true,"href":"https:\/\/www.egemtv.com\/index.php?rest_route=%2Fwp%2Fv2%2Ftags&post=13642"}],"curies":[{"name":"wp","href":"https:\/\/api.w.org\/{rel}","templated":true}]}}