{"id":13639,"date":"2025-01-30T10:30:12","date_gmt":"2025-01-30T07:30:12","guid":{"rendered":"https:\/\/www.egemtv.com\/?p=13639"},"modified":"2025-01-30T10:30:13","modified_gmt":"2025-01-30T07:30:13","slug":"cesmede-kadin-sagligi-ve-menopoz-semineri","status":"publish","type":"post","link":"https:\/\/www.egemtv.com\/?p=13639","title":{"rendered":"\u00c7e\u015fme\u2019de kad\u0131n sa\u011fl\u0131\u011f\u0131 ve menopoz semineri"},"content":{"rendered":"<p>\u00c7e\u015fme Belediyesi ve Medicana T\u0131p Merkezi i\u015f birli\u011fiyle, kad\u0131n sa\u011fl\u0131\u011f\u0131 konusunda fark\u0131ndal\u0131k olu\u015fturmak amac\u0131yla &#8220;Kad\u0131n Sa\u011fl\u0131\u011f\u0131 ve Menopoz&#8221; konulu bir seminer d\u00fczenlendi.<br \/>\n<br \/>Aya Haralambos K\u00fclt\u00fcr Merkezi\u2019nde ger\u00e7ekle\u015fen seminere, \u00c7e\u015fme Belediye Ba\u015fkan\u0131 Lal Denizli, Medicana Sa\u011fl\u0131k Grubu \u0130cra Kurulu \u00dcyesi Dr. Mehmet Ulvi \u00dcnal ve \u00c7e\u015fme Medicana T\u0131p Merkezi Ba\u015fhekimi Uzman Dr. H\u00fcseyin Tayfun \u00c7a\u011flayan da kat\u0131ld\u0131.<br \/>\n<br \/>Seminerde, Op. Dr. Hakan Sab\u0131rl\u0131, kad\u0131n sa\u011fl\u0131\u011f\u0131 ve menopoz konular\u0131nda kat\u0131l\u0131mc\u0131lara bilgilendirmelerde bulundu. Menopozun do\u011fal bir s\u00fcre\u00e7 oldu\u011funa dikkat \u00e7eken Op. Dr. Sab\u0131rl\u0131, erken menopozun belirtileri, nedenleri, te\u015fhisi ve tedavisi hakk\u0131nda \u00f6nemli a\u00e7\u0131klamalarda bulundu.<\/p>\n<p>&#8220;Erken menopoz kalp ve kemik sa\u011fl\u0131\u011f\u0131n\u0131 etkileyebilir&#8221;<br \/>\n<br \/>Dr. Sab\u0131rl\u0131, &#8220;Reglin durmas\u0131 anlam\u0131na gelen menopoz, kad\u0131nlar i\u00e7in do\u011fal bir s\u00fcre\u00e7tir. Bu d\u00f6nemle birlikte v\u00fccutta biyolojik a\u00e7\u0131dan \u00e7e\u015fitli de\u011fi\u015fiklikler meydana gelir. Metabolizman\u0131n yava\u015flamas\u0131yla kilo art\u0131\u015f\u0131, kemik erimesi, \u00f6strojen seviyesinin d\u00fc\u015fmesiyle kalp ve damar hastal\u0131klar\u0131 riskinin artmas\u0131 gibi sorunlar ortaya \u00e7\u0131kabilir. Bunun yan\u0131 s\u0131ra s\u0131cak basmas\u0131, a\u015f\u0131r\u0131 terleme, yorgunluk gibi belirtiler de s\u0131k g\u00f6r\u00fcl\u00fcr&#8221; dedi.<br \/>\n<br \/>Menopozun genellikle 45 ya\u015f sonras\u0131nda ba\u015flad\u0131\u011f\u0131n\u0131 ancak baz\u0131 durumlarda 40 ya\u015f \u00f6ncesinde de ortaya \u00e7\u0131kabilece\u011fini belirten Dr. Sab\u0131rl\u0131, &#8220;E\u011fer bir kad\u0131n bir y\u0131l ve daha fazla s\u00fcreyle regl olmad\u0131ysa menopoz ba\u015flam\u0131\u015f demektir. Erken menopoz ise, kad\u0131nlar i\u00e7in uzun vadede \u00f6nemli riskler ta\u015f\u0131yabilir. Yumurtal\u0131klar\u0131n yumurta \u00fcretmeyi erken b\u0131rakmas\u0131, \u00f6strojen seviyesinin d\u00fc\u015fmesine ba\u011fl\u0131 olarak damar sertli\u011fi ve kemik erimesi gibi hastal\u0131klara neden olabilir&#8221; ifadelerini kulland\u0131.<br \/>\n<br \/>Dr. Sab\u0131rl\u0131, erken menopozun bazen psikolojik etkilerinin de olabilece\u011fini vurgulayarak, &#8220;Normal regl d\u00f6ng\u00fcs\u00fcnde d\u00fczensizlik, uzun veya k\u0131sa s\u00fcreli adet d\u00f6nemleri erken menopozu tetikleyebilir. Bu nedenle belirtileri takip etmek ve bir uzman doktor kontrol\u00fcne ba\u015fvurmak b\u00fcy\u00fck \u00f6nem ta\u015f\u0131yor&#8221; dedi.<br \/>\n<br \/>Seminer, kad\u0131n sa\u011fl\u0131\u011f\u0131 konusunda fark\u0131ndal\u0131\u011f\u0131 art\u0131rmay\u0131 ama\u00e7layan soru-cevap b\u00f6l\u00fcm\u00fcyle sona ererken, \u00c7e\u015fme Belediye Ba\u015fkan\u0131 Lal Denizli, Op. Dr. Hakan Sab\u0131rl\u0131\u2019ya \u00e7i\u00e7ek vererek, bilgilendirmeleri i\u00e7in te\u015fekk\u00fcr etti.<br \/><\/p>\n","protected":false},"excerpt":{"rendered":"<p>\u00c7e\u015fme Belediyesi ve Medicana T\u0131p Merkezi i\u015f birli\u011fiyle, kad\u0131n sa\u011fl\u0131\u011f\u0131 konusunda fark\u0131ndal\u0131k olu\u015fturmak amac\u0131yla &#8220;Kad\u0131n Sa\u011fl\u0131\u011f\u0131 ve Menopoz&#8221; konulu bir seminer d\u00fczenlendi. Aya Haralambos K\u00fclt\u00fcr Merkezi\u2019nde ger\u00e7ekle\u015fen seminere, \u00c7e\u015fme Belediye Ba\u015fkan\u0131 Lal Denizli, Medicana Sa\u011fl\u0131k Grubu \u0130cra Kurulu \u00dcyesi Dr. Mehmet Ulvi \u00dcnal ve \u00c7e\u015fme Medicana T\u0131p Merkezi Ba\u015fhekimi Uzman Dr. H\u00fcseyin Tayfun \u00c7a\u011flayan da&#8230;<\/p>\n","protected":false},"author":1,"featured_media":13640,"comment_status":"open","ping_status":"open","sticky":false,"template":"","format":"standard","meta":{"_crdt_document":"","footnotes":""},"categories":[2],"tags":[],"class_list":["post-13639","post","type-post","status-publish","format-standard","has-post-thumbnail","hentry","category-saglik"],"_links":{"self":[{"href":"https:\/\/www.egemtv.com\/index.php?rest_route=\/wp\/v2\/posts\/13639","targetHints":{"allow":["GET"]}}],"collection":[{"href":"https:\/\/www.egemtv.com\/index.php?rest_route=\/wp\/v2\/posts"}],"about":[{"href":"https:\/\/www.egemtv.com\/index.php?rest_route=\/wp\/v2\/types\/post"}],"author":[{"embeddable":true,"href":"https:\/\/www.egemtv.com\/index.php?rest_route=\/wp\/v2\/users\/1"}],"replies":[{"embeddable":true,"href":"https:\/\/www.egemtv.com\/index.php?rest_route=%2Fwp%2Fv2%2Fcomments&post=13639"}],"version-history":[{"count":1,"href":"https:\/\/www.egemtv.com\/index.php?rest_route=\/wp\/v2\/posts\/13639\/revisions"}],"predecessor-version":[{"id":13641,"href":"https:\/\/www.egemtv.com\/index.php?rest_route=\/wp\/v2\/posts\/13639\/revisions\/13641"}],"wp:featuredmedia":[{"embeddable":true,"href":"https:\/\/www.egemtv.com\/index.php?rest_route=\/wp\/v2\/media\/13640"}],"wp:attachment":[{"href":"https:\/\/www.egemtv.com\/index.php?rest_route=%2Fwp%2Fv2%2Fmedia&parent=13639"}],"wp:term":[{"taxonomy":"category","embeddable":true,"href":"https:\/\/www.egemtv.com\/index.php?rest_route=%2Fwp%2Fv2%2Fcategories&post=13639"},{"taxonomy":"post_tag","embeddable":true,"href":"https:\/\/www.egemtv.com\/index.php?rest_route=%2Fwp%2Fv2%2Ftags&post=13639"}],"curies":[{"name":"wp","href":"https:\/\/api.w.org\/{rel}","templated":true}]}}