{"id":13621,"date":"2025-01-30T10:16:02","date_gmt":"2025-01-30T07:16:02","guid":{"rendered":"https:\/\/www.egemtv.com\/?p=13621"},"modified":"2025-01-30T10:16:03","modified_gmt":"2025-01-30T07:16:03","slug":"kaymakam-dogru-ilcedeki-tarim-sektoru-hakkinda-bilgi-aldi","status":"publish","type":"post","link":"https:\/\/www.egemtv.com\/?p=13621","title":{"rendered":"Kaymakam Do\u011fru, il\u00e7edeki tar\u0131m sekt\u00f6r\u00fc hakk\u0131nda bilgi ald\u0131"},"content":{"rendered":"<p>Germencik Kaymakam\u0131 Sultan Do\u011fru \u0130l\u00e7e Tar\u0131m ve Orman M\u00fcd\u00fcrl\u00fc\u011f\u00fc\u2019n\u00fc ziyaret ederek, \u0130l\u00e7e M\u00fcd\u00fcr\u00fc \u0130lknur Kavas\u2019tan y\u00fcr\u00fct\u00fclen \u00e7al\u0131\u015fmalar ve projeler hakk\u0131nda detayl\u0131 bilgi ald\u0131.<\/p>\n<p>Germencik Kaymakam\u0131 Sultan Do\u011fru\u2019nun \u0130l\u00e7e Tar\u0131m ve Orman M\u00fcd\u00fcrl\u00fc\u011f\u00fc\u2019ne yapt\u0131\u011f\u0131 ziyarette b\u00f6lgedeki \u00e7ift\u00e7ilere y\u00f6nelik y\u00fcr\u00fct\u00fclen e\u011fitim programlar\u0131, modern tar\u0131m tekniklerinin uygulanmas\u0131 ve do\u011fal kaynaklar\u0131n korunmas\u0131na y\u00f6nelik projeler ele al\u0131nd\u0131. Kaymakam Do\u011fru, ziyaret s\u0131ras\u0131nda il\u00e7ede tar\u0131m sekt\u00f6r\u00fcn\u00fcn geli\u015fimi ve s\u00fcrd\u00fcr\u00fclebilir tar\u0131m uygulamalar\u0131 \u00fczerine ger\u00e7ekle\u015ftirilen projelerin \u00f6nemine dikkat \u00e7ekerek bu t\u00fcr projelerin il\u00e7enin tar\u0131m alan\u0131ndaki kalk\u0131nmas\u0131na \u00f6nemli katk\u0131lar sa\u011flad\u0131\u011f\u0131n\u0131 belirtti. Ziyaretinde m\u00fcd\u00fcrl\u00fck personelleri ile de sohbet eden Do\u011fru, \u00e7al\u0131\u015fmalar\u0131nda kolayl\u0131klar diledi.<br \/><\/p>\n","protected":false},"excerpt":{"rendered":"<p>Germencik Kaymakam\u0131 Sultan Do\u011fru \u0130l\u00e7e Tar\u0131m ve Orman M\u00fcd\u00fcrl\u00fc\u011f\u00fc\u2019n\u00fc ziyaret ederek, \u0130l\u00e7e M\u00fcd\u00fcr\u00fc \u0130lknur Kavas\u2019tan y\u00fcr\u00fct\u00fclen \u00e7al\u0131\u015fmalar ve projeler hakk\u0131nda detayl\u0131 bilgi ald\u0131. Germencik Kaymakam\u0131 Sultan Do\u011fru\u2019nun \u0130l\u00e7e Tar\u0131m ve Orman M\u00fcd\u00fcrl\u00fc\u011f\u00fc\u2019ne yapt\u0131\u011f\u0131 ziyarette b\u00f6lgedeki \u00e7ift\u00e7ilere y\u00f6nelik y\u00fcr\u00fct\u00fclen e\u011fitim programlar\u0131, modern tar\u0131m tekniklerinin uygulanmas\u0131 ve do\u011fal kaynaklar\u0131n korunmas\u0131na y\u00f6nelik projeler ele al\u0131nd\u0131. Kaymakam Do\u011fru, ziyaret&#8230;<\/p>\n","protected":false},"author":1,"featured_media":13622,"comment_status":"open","ping_status":"open","sticky":false,"template":"","format":"standard","meta":{"_crdt_document":"","footnotes":""},"categories":[1],"tags":[],"class_list":["post-13621","post","type-post","status-publish","format-standard","has-post-thumbnail","hentry","category-guncel"],"_links":{"self":[{"href":"https:\/\/www.egemtv.com\/index.php?rest_route=\/wp\/v2\/posts\/13621","targetHints":{"allow":["GET"]}}],"collection":[{"href":"https:\/\/www.egemtv.com\/index.php?rest_route=\/wp\/v2\/posts"}],"about":[{"href":"https:\/\/www.egemtv.com\/index.php?rest_route=\/wp\/v2\/types\/post"}],"author":[{"embeddable":true,"href":"https:\/\/www.egemtv.com\/index.php?rest_route=\/wp\/v2\/users\/1"}],"replies":[{"embeddable":true,"href":"https:\/\/www.egemtv.com\/index.php?rest_route=%2Fwp%2Fv2%2Fcomments&post=13621"}],"version-history":[{"count":1,"href":"https:\/\/www.egemtv.com\/index.php?rest_route=\/wp\/v2\/posts\/13621\/revisions"}],"predecessor-version":[{"id":13623,"href":"https:\/\/www.egemtv.com\/index.php?rest_route=\/wp\/v2\/posts\/13621\/revisions\/13623"}],"wp:featuredmedia":[{"embeddable":true,"href":"https:\/\/www.egemtv.com\/index.php?rest_route=\/wp\/v2\/media\/13622"}],"wp:attachment":[{"href":"https:\/\/www.egemtv.com\/index.php?rest_route=%2Fwp%2Fv2%2Fmedia&parent=13621"}],"wp:term":[{"taxonomy":"category","embeddable":true,"href":"https:\/\/www.egemtv.com\/index.php?rest_route=%2Fwp%2Fv2%2Fcategories&post=13621"},{"taxonomy":"post_tag","embeddable":true,"href":"https:\/\/www.egemtv.com\/index.php?rest_route=%2Fwp%2Fv2%2Ftags&post=13621"}],"curies":[{"name":"wp","href":"https:\/\/api.w.org\/{rel}","templated":true}]}}