{"id":13618,"date":"2025-01-30T10:15:58","date_gmt":"2025-01-30T07:15:58","guid":{"rendered":"https:\/\/www.egemtv.com\/?p=13618"},"modified":"2025-01-30T10:16:01","modified_gmt":"2025-01-30T07:16:01","slug":"muglaspor-u16-takimi-play-offa-yukseldi","status":"publish","type":"post","link":"https:\/\/www.egemtv.com\/?p=13618","title":{"rendered":"Mu\u011flaspor U16 tak\u0131m\u0131 Play-Off\u2019a y\u00fckseldi"},"content":{"rendered":"<p>Mu\u011flaspor U-16 futbol tak\u0131m\u0131 Marmaris Belediyespor U-16 tak\u0131m\u0131n \u0131 1-0 ma\u011flup ederek play off\u2019a kald\u0131.<\/p>\n<p>Mu\u011fla U16 Ligi\u2019nde Play-Off\u2019a kalacak son tak\u0131m\u0131 belirlemek i\u00e7in oynanan kritik kar\u015f\u0131la\u015fmada Mu\u011flaspor U16 Tak\u0131m\u0131, Marmaris Belediyespor U16 ekibiyle Ula \u0130l\u00e7e Stad\u0131\u2019nda kar\u015f\u0131 kar\u015f\u0131ya geldi.<br \/>\n<br \/>M\u00fccadelenin ilk yar\u0131s\u0131n\u0131 1-0 \u00f6nde kapatan ye\u015fil-beyazl\u0131 gen\u00e7ler, ikinci yar\u0131da da \u00fcst\u00fcn oyununu s\u00fcrd\u00fcrerek 2-0\u2019l\u0131k galibiyetle sahadan ayr\u0131ld\u0131 ve ad\u0131n\u0131 Play-Off Grubu\u2019na yazd\u0131rd\u0131. Tak\u0131ma galibiyeti getiren goller H\u00fcseyin Arda Korkmaz ve Ali Arda \u00c7imen\u2019den geldi.<br \/>\n<br \/>Teknik ekip ve futbolcular, elde edilen ba\u015far\u0131y\u0131 sevin\u00e7le kutlarken, Play-Off m\u00fccadelelerinde de ayn\u0131 azim ve kararl\u0131l\u0131kla sahaya \u00e7\u0131kacaklar\u0131n\u0131 belirtti.<br \/><\/p>\n","protected":false},"excerpt":{"rendered":"<p>Mu\u011flaspor U-16 futbol tak\u0131m\u0131 Marmaris Belediyespor U-16 tak\u0131m\u0131n \u0131 1-0 ma\u011flup ederek play off\u2019a kald\u0131. Mu\u011fla U16 Ligi\u2019nde Play-Off\u2019a kalacak son tak\u0131m\u0131 belirlemek i\u00e7in oynanan kritik kar\u015f\u0131la\u015fmada Mu\u011flaspor U16 Tak\u0131m\u0131, Marmaris Belediyespor U16 ekibiyle Ula \u0130l\u00e7e Stad\u0131\u2019nda kar\u015f\u0131 kar\u015f\u0131ya geldi. M\u00fccadelenin ilk yar\u0131s\u0131n\u0131 1-0 \u00f6nde kapatan ye\u015fil-beyazl\u0131 gen\u00e7ler, ikinci yar\u0131da da \u00fcst\u00fcn oyununu s\u00fcrd\u00fcrerek 2-0\u2019l\u0131k&#8230;<\/p>\n","protected":false},"author":1,"featured_media":13619,"comment_status":"open","ping_status":"open","sticky":false,"template":"","format":"standard","meta":{"_crdt_document":"","footnotes":""},"categories":[4],"tags":[],"class_list":["post-13618","post","type-post","status-publish","format-standard","has-post-thumbnail","hentry","category-spor"],"_links":{"self":[{"href":"https:\/\/www.egemtv.com\/index.php?rest_route=\/wp\/v2\/posts\/13618","targetHints":{"allow":["GET"]}}],"collection":[{"href":"https:\/\/www.egemtv.com\/index.php?rest_route=\/wp\/v2\/posts"}],"about":[{"href":"https:\/\/www.egemtv.com\/index.php?rest_route=\/wp\/v2\/types\/post"}],"author":[{"embeddable":true,"href":"https:\/\/www.egemtv.com\/index.php?rest_route=\/wp\/v2\/users\/1"}],"replies":[{"embeddable":true,"href":"https:\/\/www.egemtv.com\/index.php?rest_route=%2Fwp%2Fv2%2Fcomments&post=13618"}],"version-history":[{"count":1,"href":"https:\/\/www.egemtv.com\/index.php?rest_route=\/wp\/v2\/posts\/13618\/revisions"}],"predecessor-version":[{"id":13620,"href":"https:\/\/www.egemtv.com\/index.php?rest_route=\/wp\/v2\/posts\/13618\/revisions\/13620"}],"wp:featuredmedia":[{"embeddable":true,"href":"https:\/\/www.egemtv.com\/index.php?rest_route=\/wp\/v2\/media\/13619"}],"wp:attachment":[{"href":"https:\/\/www.egemtv.com\/index.php?rest_route=%2Fwp%2Fv2%2Fmedia&parent=13618"}],"wp:term":[{"taxonomy":"category","embeddable":true,"href":"https:\/\/www.egemtv.com\/index.php?rest_route=%2Fwp%2Fv2%2Fcategories&post=13618"},{"taxonomy":"post_tag","embeddable":true,"href":"https:\/\/www.egemtv.com\/index.php?rest_route=%2Fwp%2Fv2%2Ftags&post=13618"}],"curies":[{"name":"wp","href":"https:\/\/api.w.org\/{rel}","templated":true}]}}