{"id":13615,"date":"2025-01-30T10:06:27","date_gmt":"2025-01-30T07:06:27","guid":{"rendered":"https:\/\/www.egemtv.com\/?p=13615"},"modified":"2025-01-30T10:06:28","modified_gmt":"2025-01-30T07:06:28","slug":"hakkinda-hapis-karari-bulunan-cocuk-istismarcisi-yakalandi","status":"publish","type":"post","link":"https:\/\/www.egemtv.com\/?p=13615","title":{"rendered":"Hakk\u0131nda hapis karar\u0131 bulunan \u00e7ocuk istismarc\u0131s\u0131 yakaland\u0131"},"content":{"rendered":"<p>\u0130zmir\u2019de \u00e7ocu\u011fun nitelikli cinsel \u0130stismar\u0131 su\u00e7undan hakk\u0131nda 16 y\u0131l 15 g\u00fcn kesinle\u015fmi\u015f hapis cezas\u0131 bulunan ka\u00e7ak h\u00fck\u00fcml\u00fc yakaland\u0131.<br \/>\n<br \/>Edinilen bilgiye g\u00f6re, \u0130l Emniyet M\u00fcd\u00fcrl\u00fc\u011f\u00fc Asayi\u015f \u015eube M\u00fcd\u00fcrl\u00fc\u011f\u00fc Motosikletli Polis Timler Amirli\u011fine ba\u011fl\u0131 ekipler taraf\u0131ndan hakk\u0131nda yakalama karar\u0131 bulunan \u015fah\u0131slara y\u00f6nelik y\u00fcr\u00fct\u00fclen \u00e7al\u0131\u015fmalar \u00e7er\u00e7evesinde, \u00e7ocu\u011fun nitelikli cinsel istismar\u0131 ve h\u00fck\u00fcml\u00fc veya tutuklunun ka\u00e7mas\u0131 su\u00e7lar\u0131ndan 16 y\u0131l 15 g\u00fcn hapis cezas\u0131yla aranan Y.\u00dc isimli \u015fah\u0131s yakaland\u0131. Emniyete sevk edilen cinsel istismarc\u0131 i\u015flemelerinin ard\u0131ndan adli makamlarca tutuklanarak cezaevine g\u00f6nderildi.<br \/><\/p>\n","protected":false},"excerpt":{"rendered":"<p>\u0130zmir\u2019de \u00e7ocu\u011fun nitelikli cinsel \u0130stismar\u0131 su\u00e7undan hakk\u0131nda 16 y\u0131l 15 g\u00fcn kesinle\u015fmi\u015f hapis cezas\u0131 bulunan ka\u00e7ak h\u00fck\u00fcml\u00fc yakaland\u0131. Edinilen bilgiye g\u00f6re, \u0130l Emniyet M\u00fcd\u00fcrl\u00fc\u011f\u00fc Asayi\u015f \u015eube M\u00fcd\u00fcrl\u00fc\u011f\u00fc Motosikletli Polis Timler Amirli\u011fine ba\u011fl\u0131 ekipler taraf\u0131ndan hakk\u0131nda yakalama karar\u0131 bulunan \u015fah\u0131slara y\u00f6nelik y\u00fcr\u00fct\u00fclen \u00e7al\u0131\u015fmalar \u00e7er\u00e7evesinde, \u00e7ocu\u011fun nitelikli cinsel istismar\u0131 ve h\u00fck\u00fcml\u00fc veya tutuklunun ka\u00e7mas\u0131 su\u00e7lar\u0131ndan 16 y\u0131l&#8230;<\/p>\n","protected":false},"author":1,"featured_media":13616,"comment_status":"open","ping_status":"open","sticky":false,"template":"","format":"standard","meta":{"_crdt_document":"","footnotes":""},"categories":[5],"tags":[],"class_list":["post-13615","post","type-post","status-publish","format-standard","has-post-thumbnail","hentry","category-asayis"],"_links":{"self":[{"href":"https:\/\/www.egemtv.com\/index.php?rest_route=\/wp\/v2\/posts\/13615","targetHints":{"allow":["GET"]}}],"collection":[{"href":"https:\/\/www.egemtv.com\/index.php?rest_route=\/wp\/v2\/posts"}],"about":[{"href":"https:\/\/www.egemtv.com\/index.php?rest_route=\/wp\/v2\/types\/post"}],"author":[{"embeddable":true,"href":"https:\/\/www.egemtv.com\/index.php?rest_route=\/wp\/v2\/users\/1"}],"replies":[{"embeddable":true,"href":"https:\/\/www.egemtv.com\/index.php?rest_route=%2Fwp%2Fv2%2Fcomments&post=13615"}],"version-history":[{"count":1,"href":"https:\/\/www.egemtv.com\/index.php?rest_route=\/wp\/v2\/posts\/13615\/revisions"}],"predecessor-version":[{"id":13617,"href":"https:\/\/www.egemtv.com\/index.php?rest_route=\/wp\/v2\/posts\/13615\/revisions\/13617"}],"wp:featuredmedia":[{"embeddable":true,"href":"https:\/\/www.egemtv.com\/index.php?rest_route=\/wp\/v2\/media\/13616"}],"wp:attachment":[{"href":"https:\/\/www.egemtv.com\/index.php?rest_route=%2Fwp%2Fv2%2Fmedia&parent=13615"}],"wp:term":[{"taxonomy":"category","embeddable":true,"href":"https:\/\/www.egemtv.com\/index.php?rest_route=%2Fwp%2Fv2%2Fcategories&post=13615"},{"taxonomy":"post_tag","embeddable":true,"href":"https:\/\/www.egemtv.com\/index.php?rest_route=%2Fwp%2Fv2%2Ftags&post=13615"}],"curies":[{"name":"wp","href":"https:\/\/api.w.org\/{rel}","templated":true}]}}