{"id":13609,"date":"2025-01-30T09:59:33","date_gmt":"2025-01-30T06:59:33","guid":{"rendered":"https:\/\/www.egemtv.com\/?p=13609"},"modified":"2025-01-30T09:59:35","modified_gmt":"2025-01-30T06:59:35","slug":"kusadasinda-bahar-erken-geldi","status":"publish","type":"post","link":"https:\/\/www.egemtv.com\/?p=13609","title":{"rendered":"Ku\u015fadas\u0131\u2019nda bahar erken geldi"},"content":{"rendered":"<p>Ayd\u0131n\u2019\u0131n Ku\u015fadas\u0131 il\u00e7esinde bu y\u0131l bahar erken gelirken 2025 y\u0131l\u0131n\u0131n ilk ay\u0131 sona ermeden k\u0131\u015f ortas\u0131nda badem a\u011fa\u00e7lar\u0131 \u00e7i\u00e7ek a\u00e7t\u0131.<\/p>\n<p>T\u00fcrkiye\u2019nin do\u011fusu ba\u015fta olmak \u00fczere bir\u00e7ok ilde k\u0131\u015f mevsimi etkisini g\u00f6sterirken Ayd\u0131n\u2019da adeta bahar havas\u0131 ya\u015fan\u0131yor. \u00dclkenin do\u011fusunda bulunan baz\u0131 illerin bir\u00e7o\u011fu karla kaplan\u0131rken, bat\u0131s\u0131nda bulunan illerden Ayd\u0131n ise eski y\u0131llardaki gibi k\u0131\u015f y\u00fcz\u00fc g\u00f6remedi. \u00c7i\u00e7ek a\u00e7t\u0131klar\u0131nda b\u00fcr\u00fcnd\u00fckleri renkli g\u00f6r\u00fcn\u00fcmleri bahar\u0131n m\u00fcjdecisi olarak bilinen badem a\u011fa\u00e7lar\u0131 bu y\u0131l mevsimleri \u015fa\u015f\u0131rarak y\u0131l\u0131n ilk ay\u0131nda \u00e7i\u00e7ek a\u00e7t\u0131. Vatanda\u015flar\u0131n g\u00fcne\u015fin keyfini \u00e7\u0131kartt\u0131\u011f\u0131 Ku\u015fadas\u0131 il\u00e7esinde \u00e7i\u00e7ek a\u00e7an badem a\u011fa\u00e7lar\u0131 g\u00f6rsel bir \u015f\u00f6len sunarak b\u00f6lgedeki vatanda\u015flar\u0131n ilgisini \u00e7ekti. Seyrine doyulmaz manzaralar ortaya \u00e7\u0131kt\u0131\u011f\u0131 yol kenarlar\u0131nda, vatanda\u015flar cep telefonlar\u0131na sar\u0131larak \u00e7i\u00e7ek a\u00e7an a\u011fa\u00e7lar\u0131 foto\u011fraflad\u0131.<br \/><\/p>\n","protected":false},"excerpt":{"rendered":"<p>Ayd\u0131n\u2019\u0131n Ku\u015fadas\u0131 il\u00e7esinde bu y\u0131l bahar erken gelirken 2025 y\u0131l\u0131n\u0131n ilk ay\u0131 sona ermeden k\u0131\u015f ortas\u0131nda badem a\u011fa\u00e7lar\u0131 \u00e7i\u00e7ek a\u00e7t\u0131. T\u00fcrkiye\u2019nin do\u011fusu ba\u015fta olmak \u00fczere bir\u00e7ok ilde k\u0131\u015f mevsimi etkisini g\u00f6sterirken Ayd\u0131n\u2019da adeta bahar havas\u0131 ya\u015fan\u0131yor. \u00dclkenin do\u011fusunda bulunan baz\u0131 illerin bir\u00e7o\u011fu karla kaplan\u0131rken, bat\u0131s\u0131nda bulunan illerden Ayd\u0131n ise eski y\u0131llardaki gibi k\u0131\u015f y\u00fcz\u00fc g\u00f6remedi&#8230;.<\/p>\n","protected":false},"author":1,"featured_media":13610,"comment_status":"open","ping_status":"open","sticky":false,"template":"","format":"standard","meta":{"_crdt_document":"","footnotes":""},"categories":[1],"tags":[],"class_list":["post-13609","post","type-post","status-publish","format-standard","has-post-thumbnail","hentry","category-guncel"],"_links":{"self":[{"href":"https:\/\/www.egemtv.com\/index.php?rest_route=\/wp\/v2\/posts\/13609","targetHints":{"allow":["GET"]}}],"collection":[{"href":"https:\/\/www.egemtv.com\/index.php?rest_route=\/wp\/v2\/posts"}],"about":[{"href":"https:\/\/www.egemtv.com\/index.php?rest_route=\/wp\/v2\/types\/post"}],"author":[{"embeddable":true,"href":"https:\/\/www.egemtv.com\/index.php?rest_route=\/wp\/v2\/users\/1"}],"replies":[{"embeddable":true,"href":"https:\/\/www.egemtv.com\/index.php?rest_route=%2Fwp%2Fv2%2Fcomments&post=13609"}],"version-history":[{"count":1,"href":"https:\/\/www.egemtv.com\/index.php?rest_route=\/wp\/v2\/posts\/13609\/revisions"}],"predecessor-version":[{"id":13611,"href":"https:\/\/www.egemtv.com\/index.php?rest_route=\/wp\/v2\/posts\/13609\/revisions\/13611"}],"wp:featuredmedia":[{"embeddable":true,"href":"https:\/\/www.egemtv.com\/index.php?rest_route=\/wp\/v2\/media\/13610"}],"wp:attachment":[{"href":"https:\/\/www.egemtv.com\/index.php?rest_route=%2Fwp%2Fv2%2Fmedia&parent=13609"}],"wp:term":[{"taxonomy":"category","embeddable":true,"href":"https:\/\/www.egemtv.com\/index.php?rest_route=%2Fwp%2Fv2%2Fcategories&post=13609"},{"taxonomy":"post_tag","embeddable":true,"href":"https:\/\/www.egemtv.com\/index.php?rest_route=%2Fwp%2Fv2%2Ftags&post=13609"}],"curies":[{"name":"wp","href":"https:\/\/api.w.org\/{rel}","templated":true}]}}