{"id":13606,"date":"2025-01-30T09:55:52","date_gmt":"2025-01-30T06:55:52","guid":{"rendered":"https:\/\/www.egemtv.com\/?p=13606"},"modified":"2025-01-30T09:55:56","modified_gmt":"2025-01-30T06:55:56","slug":"narenci-bahcelerinde-zararli-sayimi-yapildi","status":"publish","type":"post","link":"https:\/\/www.egemtv.com\/?p=13606","title":{"rendered":"Narenci bah\u00e7elerinde zararl\u0131 say\u0131m\u0131 yap\u0131ld\u0131"},"content":{"rendered":"<p>Ayd\u0131n\u2019da narenciye bah\u00e7elerinde ya\u015fanan verim kayb\u0131n\u0131n \u00f6n\u00fcne ge\u00e7mek hedefiyle ba\u015flat\u0131lan \u00e7al\u0131\u015fmalar s\u00fcrerken, S\u00f6ke\u2019deki narenciye bah\u00e7elerinde as\u0131l\u0131 tuzaklarda zararl\u0131 say\u0131m\u0131 yap\u0131ld\u0131.<\/p>\n<p>Ayd\u0131n\u2019\u0131n S\u00f6ke il\u00e7esindeki narenciye a\u011fa\u00e7lar\u0131nda ya\u015fanan verim kayb\u0131n\u0131n \u00f6n\u00fcne ge\u00e7mek ve bah\u00e7elerdeki zararl\u0131 pop\u00fclasyonunun tespitini sa\u011flamak hedefiyle ger\u00e7ekle\u015ftirilen \u00e7al\u0131\u015fmalar devam ediyor. Bu \u00e7er\u00e7evede sahaya inen S\u00f6ke \u0130l\u00e7e Tar\u0131m ve Orman M\u00fcd\u00fcrl\u00fc\u011f\u00fc ekipleri, narenciye bah\u00e7elerini gezerek feromon tuzaklar\u0131 kontrol etti. As\u0131l\u0131 tuzaklar\u0131 inceleyen ekipler, bah\u00e7elerde zararl\u0131 say\u0131m\u0131 ger\u00e7ekle\u015ftirdi.<br \/><\/p>\n","protected":false},"excerpt":{"rendered":"<p>Ayd\u0131n\u2019da narenciye bah\u00e7elerinde ya\u015fanan verim kayb\u0131n\u0131n \u00f6n\u00fcne ge\u00e7mek hedefiyle ba\u015flat\u0131lan \u00e7al\u0131\u015fmalar s\u00fcrerken, S\u00f6ke\u2019deki narenciye bah\u00e7elerinde as\u0131l\u0131 tuzaklarda zararl\u0131 say\u0131m\u0131 yap\u0131ld\u0131. Ayd\u0131n\u2019\u0131n S\u00f6ke il\u00e7esindeki narenciye a\u011fa\u00e7lar\u0131nda ya\u015fanan verim kayb\u0131n\u0131n \u00f6n\u00fcne ge\u00e7mek ve bah\u00e7elerdeki zararl\u0131 pop\u00fclasyonunun tespitini sa\u011flamak hedefiyle ger\u00e7ekle\u015ftirilen \u00e7al\u0131\u015fmalar devam ediyor. Bu \u00e7er\u00e7evede sahaya inen S\u00f6ke \u0130l\u00e7e Tar\u0131m ve Orman M\u00fcd\u00fcrl\u00fc\u011f\u00fc ekipleri, narenciye bah\u00e7elerini gezerek&#8230;<\/p>\n","protected":false},"author":1,"featured_media":13607,"comment_status":"open","ping_status":"open","sticky":false,"template":"","format":"standard","meta":{"_crdt_document":"","footnotes":""},"categories":[1],"tags":[],"class_list":["post-13606","post","type-post","status-publish","format-standard","has-post-thumbnail","hentry","category-guncel"],"_links":{"self":[{"href":"https:\/\/www.egemtv.com\/index.php?rest_route=\/wp\/v2\/posts\/13606","targetHints":{"allow":["GET"]}}],"collection":[{"href":"https:\/\/www.egemtv.com\/index.php?rest_route=\/wp\/v2\/posts"}],"about":[{"href":"https:\/\/www.egemtv.com\/index.php?rest_route=\/wp\/v2\/types\/post"}],"author":[{"embeddable":true,"href":"https:\/\/www.egemtv.com\/index.php?rest_route=\/wp\/v2\/users\/1"}],"replies":[{"embeddable":true,"href":"https:\/\/www.egemtv.com\/index.php?rest_route=%2Fwp%2Fv2%2Fcomments&post=13606"}],"version-history":[{"count":1,"href":"https:\/\/www.egemtv.com\/index.php?rest_route=\/wp\/v2\/posts\/13606\/revisions"}],"predecessor-version":[{"id":13608,"href":"https:\/\/www.egemtv.com\/index.php?rest_route=\/wp\/v2\/posts\/13606\/revisions\/13608"}],"wp:featuredmedia":[{"embeddable":true,"href":"https:\/\/www.egemtv.com\/index.php?rest_route=\/wp\/v2\/media\/13607"}],"wp:attachment":[{"href":"https:\/\/www.egemtv.com\/index.php?rest_route=%2Fwp%2Fv2%2Fmedia&parent=13606"}],"wp:term":[{"taxonomy":"category","embeddable":true,"href":"https:\/\/www.egemtv.com\/index.php?rest_route=%2Fwp%2Fv2%2Fcategories&post=13606"},{"taxonomy":"post_tag","embeddable":true,"href":"https:\/\/www.egemtv.com\/index.php?rest_route=%2Fwp%2Fv2%2Ftags&post=13606"}],"curies":[{"name":"wp","href":"https:\/\/api.w.org\/{rel}","templated":true}]}}