{"id":13603,"date":"2025-01-30T09:50:24","date_gmt":"2025-01-30T06:50:24","guid":{"rendered":"https:\/\/www.egemtv.com\/?p=13603"},"modified":"2025-01-30T09:50:25","modified_gmt":"2025-01-30T06:50:25","slug":"ulada-bocce-heyecani","status":"publish","type":"post","link":"https:\/\/www.egemtv.com\/?p=13603","title":{"rendered":"Ula\u2019da Bocce heyecan\u0131"},"content":{"rendered":"<p>Gen\u00e7lik ve Spor Bakanl\u0131\u011f\u0131\u2019n\u0131n spor faaliyetleri kapsam\u0131nda Mu\u011fla\u2019n\u0131n Ula il\u00e7esinde d\u00fczenlenen Bocce kursu, her ya\u015ftan sporseverin yo\u011fun ilgisiyle devam ediyor. \u00c7ocuklardan yeti\u015fkinlere kadar geni\u015f bir kat\u0131l\u0131mc\u0131 kitlesine hitap eden kurs, sporun birle\u015ftirici g\u00fcc\u00fcn\u00fc bir kez daha ortaya koyuyor.<\/p>\n<p>Vatanda\u015flar\u0131n b\u00fcy\u00fck ilgi g\u00f6sterdi\u011fi etkinlikte, Bocce sporunun temel kurallar\u0131 \u00f6\u011fretilirken, kat\u0131l\u0131mc\u0131lar hem e\u011flenceli vakit ge\u00e7iriyor hem de fiziksel ve zihinsel becerilerini geli\u015ftiriyor. Sporun her ya\u015f i\u00e7in eri\u015filebilir olmas\u0131 gerekti\u011fine dikkat \u00e7eken yetkililer, bu t\u00fcr etkinliklerin sa\u011fl\u0131kl\u0131 ya\u015fam bilincinin yayg\u0131nla\u015fmas\u0131na katk\u0131 sa\u011flad\u0131\u011f\u0131n\u0131 vurgulad\u0131.<\/p>\n<p>Ula\u2019daki Bocce kursu, sporun ya\u015f s\u0131n\u0131r\u0131 tan\u0131mad\u0131\u011f\u0131n\u0131 ve herkes i\u00e7in bir f\u0131rsat sundu\u011funu bir kez daha kan\u0131tlad\u0131. Spor dolu etkinlikler, b\u00f6lge halk\u0131n\u0131n deste\u011fiyle h\u0131z kesmeden devam edecek.<br \/><\/p>\n","protected":false},"excerpt":{"rendered":"<p>Gen\u00e7lik ve Spor Bakanl\u0131\u011f\u0131\u2019n\u0131n spor faaliyetleri kapsam\u0131nda Mu\u011fla\u2019n\u0131n Ula il\u00e7esinde d\u00fczenlenen Bocce kursu, her ya\u015ftan sporseverin yo\u011fun ilgisiyle devam ediyor. \u00c7ocuklardan yeti\u015fkinlere kadar geni\u015f bir kat\u0131l\u0131mc\u0131 kitlesine hitap eden kurs, sporun birle\u015ftirici g\u00fcc\u00fcn\u00fc bir kez daha ortaya koyuyor. Vatanda\u015flar\u0131n b\u00fcy\u00fck ilgi g\u00f6sterdi\u011fi etkinlikte, Bocce sporunun temel kurallar\u0131 \u00f6\u011fretilirken, kat\u0131l\u0131mc\u0131lar hem e\u011flenceli vakit ge\u00e7iriyor hem de&#8230;<\/p>\n","protected":false},"author":1,"featured_media":13604,"comment_status":"open","ping_status":"open","sticky":false,"template":"","format":"standard","meta":{"_crdt_document":"","footnotes":""},"categories":[4],"tags":[],"class_list":["post-13603","post","type-post","status-publish","format-standard","has-post-thumbnail","hentry","category-spor"],"_links":{"self":[{"href":"https:\/\/www.egemtv.com\/index.php?rest_route=\/wp\/v2\/posts\/13603","targetHints":{"allow":["GET"]}}],"collection":[{"href":"https:\/\/www.egemtv.com\/index.php?rest_route=\/wp\/v2\/posts"}],"about":[{"href":"https:\/\/www.egemtv.com\/index.php?rest_route=\/wp\/v2\/types\/post"}],"author":[{"embeddable":true,"href":"https:\/\/www.egemtv.com\/index.php?rest_route=\/wp\/v2\/users\/1"}],"replies":[{"embeddable":true,"href":"https:\/\/www.egemtv.com\/index.php?rest_route=%2Fwp%2Fv2%2Fcomments&post=13603"}],"version-history":[{"count":1,"href":"https:\/\/www.egemtv.com\/index.php?rest_route=\/wp\/v2\/posts\/13603\/revisions"}],"predecessor-version":[{"id":13605,"href":"https:\/\/www.egemtv.com\/index.php?rest_route=\/wp\/v2\/posts\/13603\/revisions\/13605"}],"wp:featuredmedia":[{"embeddable":true,"href":"https:\/\/www.egemtv.com\/index.php?rest_route=\/wp\/v2\/media\/13604"}],"wp:attachment":[{"href":"https:\/\/www.egemtv.com\/index.php?rest_route=%2Fwp%2Fv2%2Fmedia&parent=13603"}],"wp:term":[{"taxonomy":"category","embeddable":true,"href":"https:\/\/www.egemtv.com\/index.php?rest_route=%2Fwp%2Fv2%2Fcategories&post=13603"},{"taxonomy":"post_tag","embeddable":true,"href":"https:\/\/www.egemtv.com\/index.php?rest_route=%2Fwp%2Fv2%2Ftags&post=13603"}],"curies":[{"name":"wp","href":"https:\/\/api.w.org\/{rel}","templated":true}]}}