{"id":13597,"date":"2025-01-30T09:44:11","date_gmt":"2025-01-30T06:44:11","guid":{"rendered":"https:\/\/www.egemtv.com\/?p=13597"},"modified":"2025-01-30T09:44:13","modified_gmt":"2025-01-30T06:44:13","slug":"goztepeli-cocuklar-alanyaspor-macinin-pankartlarini-yapti","status":"publish","type":"post","link":"https:\/\/www.egemtv.com\/?p=13597","title":{"rendered":"G\u00f6ztepeli \u00e7ocuklar, Alanyaspor ma\u00e7\u0131n\u0131n pankartlar\u0131n\u0131 yapt\u0131"},"content":{"rendered":"<p>Trendyol S\u00fcper Lig\u2019in 22. haftas\u0131nda oynanacak G\u00f6ztepe-Alanyaspor ma\u00e7\u0131nda, sar\u0131-k\u0131rm\u0131z\u0131l\u0131 \u00e7ocuklar\u0131n bir etkinlik kapsam\u0131nda haz\u0131rlad\u0131\u011f\u0131 500 pankart trib\u00fcnde sergilenecek.<br \/>\n<br \/>G\u00f6ztepeli taraftar gruplar\u0131, &#8220;G\u00f6ztepe\u2019miz Avrupa\u2019ya&#8221; temal\u0131 \u00e7ocuk etkinli\u011fi ger\u00e7ekle\u015ftirdi. G\u00fcrsel Aksel Stad\u0131\u2019nda yap\u0131lan ve 3 g\u00fcn s\u00fcren etkinlikte pankart haz\u0131rlama \u00e7al\u0131\u015fmalar\u0131 bug\u00fcn son bulacak. Yakla\u015f\u0131k bin \u00e7ocu\u011fun kat\u0131l\u0131m\u0131yla haz\u0131rlanan 500 adet sar\u0131-k\u0131rm\u0131z\u0131 renkli pankart, 2 \u015eubat Pazar g\u00fcn\u00fc Trendyol S\u00fcper Lig\u2019de oynanacak olan G\u00f6ztepe-Alanyaspor ma\u00e7\u0131nda sergilenecek.<br \/>\n<br \/>Yap\u0131lan \u00e7al\u0131\u015fmalar\u0131 yerinde takip eden ve \u00e7al\u0131\u015fmalara yard\u0131m eden proje koordinat\u00f6r\u00fc Beh\u00e7et \u015een\u00f6zh\u00fcr, G\u00f6ztepe\u2019nin Avrupa hedefi i\u00e7in g\u00fczel bir kadro kurdu\u011funu belirtti ve bu hedefle b\u00f6yle bir \u00e7al\u0131\u015fma ger\u00e7ekle\u015ftirdiklerini dile getirdi. Etkinli\u011fin son g\u00fcn\u00fc oldu\u011funu ve \u00e7ok iyi ge\u00e7ti\u011fini ifade eden \u015een\u00f6zh\u00fcr, &#8220;\u00c7ocuklar\u0131m\u0131z\u0131n bu hevesleri, Avrupa istekleri ger\u00e7ekten bizleri \u00e7ok gururland\u0131r\u0131yor. G\u00f6ztepe\u2019mizin Avrupa\u2019ya gidecek olmas\u0131 ve bunun da \u00e7ocuklarla birlikte olacak olmas\u0131na biz \u00e7ok mutlu oluyoruz&#8221; dedi.<\/p>\n<p>&#8220;\u00c7ocuk kul\u00fcb\u00fc olu\u015fturmak istiyoruz&#8221;<br \/>\n<br \/>Konu\u015fmas\u0131na G\u00f6ztepeli \u00e7ocuk\u00e7ular\u0131n haz\u0131rlad\u0131\u011f\u0131 pankartlar\u0131 vurgulayarak devam eden \u015een\u00f6zh\u00fcr, &#8220;G\u00f6rd\u00fc\u011f\u00fcn\u00fcz gibi zaten \u00e7ocuklar\u0131m\u0131z \u015fahane, her bir \u00e7ocu\u011fumuz 10\u2019ar tane boyamak istiyor, pankartlar\u0131n ba\u015f\u0131ndan hi\u00e7 ayr\u0131lmak istemiyorlar bu da bizi gururland\u0131r\u0131yor. Bunun devam\u0131nda da G\u00f6ztepe\u2019nin y\u00fcz\u00fc \u00e7ocuklar isminde bir G\u00f6ztepe \u00e7ocuk kul\u00fcb\u00fc de olu\u015fturmak istiyoruz. Bu organizasyonlar\u0131 s\u00fcrekli devam ettirece\u011fiz. Etkinli\u011fe kat\u0131lan herkese \u00e7ok te\u015fekk\u00fcr ediyorum. \u0130n\u015fallah G\u00f6ztepe\u2019mizi Avrupa\u2019ya hep beraber ta\u015f\u0131yaca\u011f\u0131z. Pankartlar\u0131m\u0131z da 2 \u015eubat Pazar g\u00fcn\u00fc G\u00f6ztepe-Alanyaspor ma\u00e7\u0131nda stadyumda kuzey kale arkas\u0131nda \u00e7ocuklar taraf\u0131ndan a\u00e7\u0131lacak. Toplamda 500 tane pankart olacak ve g\u00fczel bir g\u00f6rsel g\u00f6steriye imza atacaklar. Bu \u00e7al\u0131\u015fmam\u0131z futbolcular\u0131m\u0131z\u0131 daha da g\u00fczel motive edecektir&#8221; ifadelerini kulland\u0131.<\/p>\n<p>\u00c7ocuklar pankart yapmaktan memnun<br \/>\n<br \/>Pankart etkinli\u011fine kat\u0131lan 10 ya\u015f\u0131ndaki Ya\u011f\u0131z \u00d6zkaya, &#8220;G\u00f6ztepe i\u00e7in her \u015feyi yapar\u0131m. G\u00f6ztepe taraftar\u0131y\u0131m. Pankart boyama \u00e7ok g\u00fczel ge\u00e7ti ve \u00e7ok e\u011flenceliydi. Burada dolu dolu ve g\u00fczel bir \u015fekilde zaman\u0131m\u0131 ge\u00e7irdim&#8221; dedi.<br \/>\n<br \/>Etkinli\u011fi \u00e7ok sevdi\u011fini ifade eden Poyraz \u015eafak da, &#8220;Bu boyama etkinli\u011fi i\u00e7in \u00e7ok g\u00fczel \u015feyler d\u00fc\u015f\u00fcn\u00fcyorum. Ma\u00e7ta pankartlar a\u00e7\u0131laca\u011f\u0131 i\u00e7in g\u00fczel bir \u015fey olacak. Ben de bir G\u00f6ztepe taraftar\u0131y\u0131m, tak\u0131m\u0131m\u0131 b\u00f6yle pankartlarla g\u00fczelle\u015ftirmek istiyorum&#8221; diye konu\u015ftu.<br \/><\/p>\n","protected":false},"excerpt":{"rendered":"<p>Trendyol S\u00fcper Lig\u2019in 22. haftas\u0131nda oynanacak G\u00f6ztepe-Alanyaspor ma\u00e7\u0131nda, sar\u0131-k\u0131rm\u0131z\u0131l\u0131 \u00e7ocuklar\u0131n bir etkinlik kapsam\u0131nda haz\u0131rlad\u0131\u011f\u0131 500 pankart trib\u00fcnde sergilenecek. G\u00f6ztepeli taraftar gruplar\u0131, &#8220;G\u00f6ztepe\u2019miz Avrupa\u2019ya&#8221; temal\u0131 \u00e7ocuk etkinli\u011fi ger\u00e7ekle\u015ftirdi. G\u00fcrsel Aksel Stad\u0131\u2019nda yap\u0131lan ve 3 g\u00fcn s\u00fcren etkinlikte pankart haz\u0131rlama \u00e7al\u0131\u015fmalar\u0131 bug\u00fcn son bulacak. Yakla\u015f\u0131k bin \u00e7ocu\u011fun kat\u0131l\u0131m\u0131yla haz\u0131rlanan 500 adet sar\u0131-k\u0131rm\u0131z\u0131 renkli pankart, 2 \u015eubat Pazar&#8230;<\/p>\n","protected":false},"author":1,"featured_media":13598,"comment_status":"open","ping_status":"open","sticky":false,"template":"","format":"standard","meta":{"_crdt_document":"","footnotes":""},"categories":[4],"tags":[],"class_list":["post-13597","post","type-post","status-publish","format-standard","has-post-thumbnail","hentry","category-spor"],"_links":{"self":[{"href":"https:\/\/www.egemtv.com\/index.php?rest_route=\/wp\/v2\/posts\/13597","targetHints":{"allow":["GET"]}}],"collection":[{"href":"https:\/\/www.egemtv.com\/index.php?rest_route=\/wp\/v2\/posts"}],"about":[{"href":"https:\/\/www.egemtv.com\/index.php?rest_route=\/wp\/v2\/types\/post"}],"author":[{"embeddable":true,"href":"https:\/\/www.egemtv.com\/index.php?rest_route=\/wp\/v2\/users\/1"}],"replies":[{"embeddable":true,"href":"https:\/\/www.egemtv.com\/index.php?rest_route=%2Fwp%2Fv2%2Fcomments&post=13597"}],"version-history":[{"count":1,"href":"https:\/\/www.egemtv.com\/index.php?rest_route=\/wp\/v2\/posts\/13597\/revisions"}],"predecessor-version":[{"id":13599,"href":"https:\/\/www.egemtv.com\/index.php?rest_route=\/wp\/v2\/posts\/13597\/revisions\/13599"}],"wp:featuredmedia":[{"embeddable":true,"href":"https:\/\/www.egemtv.com\/index.php?rest_route=\/wp\/v2\/media\/13598"}],"wp:attachment":[{"href":"https:\/\/www.egemtv.com\/index.php?rest_route=%2Fwp%2Fv2%2Fmedia&parent=13597"}],"wp:term":[{"taxonomy":"category","embeddable":true,"href":"https:\/\/www.egemtv.com\/index.php?rest_route=%2Fwp%2Fv2%2Fcategories&post=13597"},{"taxonomy":"post_tag","embeddable":true,"href":"https:\/\/www.egemtv.com\/index.php?rest_route=%2Fwp%2Fv2%2Ftags&post=13597"}],"curies":[{"name":"wp","href":"https:\/\/api.w.org\/{rel}","templated":true}]}}