{"id":13591,"date":"2025-01-30T09:25:30","date_gmt":"2025-01-30T06:25:30","guid":{"rendered":"https:\/\/www.egemtv.com\/?p=13591"},"modified":"2025-01-30T09:25:31","modified_gmt":"2025-01-30T06:25:31","slug":"aydin-esnafina-indirimli-saglik-hizmeti","status":"publish","type":"post","link":"https:\/\/www.egemtv.com\/?p=13591","title":{"rendered":"Ayd\u0131n esnaf\u0131na indirimli sa\u011fl\u0131k hizmeti"},"content":{"rendered":"<p>AYESOB Ba\u015fkan\u0131 Muhammet Ali K\u00fcnkc\u00fc, \u00f6zel bir hastane ile yapt\u0131\u011f\u0131 protokol kapsam\u0131nda oda \u00fcyeleri indirimli olarak sa\u011fl\u0131k hizmetinden faydalanaca\u011f\u0131n\u0131 s\u00f6yledi.<\/p>\n<p>Ayd\u0131n il genelinde 50 binin \u00fczerinde \u00fcyesi ve 82 meslek odas\u0131n\u0131n ba\u011fl\u0131 buldu\u011fu Ayd\u0131n Esnaf ve Sanatkarlar Odalar\u0131 Birli\u011fi (AYESOB) ile \u00f6zel bir hastane aras\u0131nda 15 Ocak ile 31 Aral\u0131k 2025 tarihleri aras\u0131nda ge\u00e7erli olacak indirim protokol\u00fc imzaland\u0131. Protokol kapsam\u0131nda AYESOB\u2019a ba\u011fl\u0131 oda \u00fcyeleri, personelleri ve birinci derece yak\u0131nlar\u0131 hastanede belirli sa\u011fl\u0131k hizmetlerinden indirimli olarak yararlanabilecek. Anla\u015fmaya g\u00f6re SGK kapsam\u0131ndaki muayene, tahlil ve tetkik hizmetlerinde y\u00fczde 15, yatarak tedavi ve ameliyat gibi i\u015flemlerde ise y\u00fczde 10 indirim uygulanacak. \u00dcyeler ve yak\u0131nlar\u0131, hizmet al\u0131rken kimlik belgelerini ibraz etmek zorunda olacak. SGK mevzuat\u0131 gere\u011fi hasta kat\u0131l\u0131m pay\u0131 ise indirim kapsam\u0131 d\u0131\u015f\u0131nda tutulacak.<\/p>\n<p>AYESOB Ba\u015fkan\u0131 Muhammet Ali K\u00fcnkc\u00fc, \u00fcyelerinin sa\u011fl\u0131\u011f\u0131n\u0131 koruman\u0131n ve onlara destek olman\u0131n \u00f6ncelikli g\u00f6revleri aras\u0131nda yer ald\u0131\u011f\u0131n\u0131 belirterek, \u201cEsnaf\u0131m\u0131z\u0131n ve sanatkarlar\u0131m\u0131z\u0131n sa\u011fl\u0131k hizmetlerine daha uygun \u015fartlarda ula\u015fmas\u0131n\u0131 sa\u011flamak amac\u0131yla hastane ile indirim anla\u015fmas\u0131 imzalad\u0131k. \u00dcyelerimizin bu avantajdan en iyi \u015fekilde faydalanmas\u0131n\u0131 temenni ediyoruz\u201d dedi.<br \/><\/p>\n","protected":false},"excerpt":{"rendered":"<p>AYESOB Ba\u015fkan\u0131 Muhammet Ali K\u00fcnkc\u00fc, \u00f6zel bir hastane ile yapt\u0131\u011f\u0131 protokol kapsam\u0131nda oda \u00fcyeleri indirimli olarak sa\u011fl\u0131k hizmetinden faydalanaca\u011f\u0131n\u0131 s\u00f6yledi. Ayd\u0131n il genelinde 50 binin \u00fczerinde \u00fcyesi ve 82 meslek odas\u0131n\u0131n ba\u011fl\u0131 buldu\u011fu Ayd\u0131n Esnaf ve Sanatkarlar Odalar\u0131 Birli\u011fi (AYESOB) ile \u00f6zel bir hastane aras\u0131nda 15 Ocak ile 31 Aral\u0131k 2025 tarihleri aras\u0131nda ge\u00e7erli olacak&#8230;<\/p>\n","protected":false},"author":1,"featured_media":13592,"comment_status":"open","ping_status":"open","sticky":false,"template":"","format":"standard","meta":{"_crdt_document":"","footnotes":""},"categories":[1],"tags":[],"class_list":["post-13591","post","type-post","status-publish","format-standard","has-post-thumbnail","hentry","category-guncel"],"_links":{"self":[{"href":"https:\/\/www.egemtv.com\/index.php?rest_route=\/wp\/v2\/posts\/13591","targetHints":{"allow":["GET"]}}],"collection":[{"href":"https:\/\/www.egemtv.com\/index.php?rest_route=\/wp\/v2\/posts"}],"about":[{"href":"https:\/\/www.egemtv.com\/index.php?rest_route=\/wp\/v2\/types\/post"}],"author":[{"embeddable":true,"href":"https:\/\/www.egemtv.com\/index.php?rest_route=\/wp\/v2\/users\/1"}],"replies":[{"embeddable":true,"href":"https:\/\/www.egemtv.com\/index.php?rest_route=%2Fwp%2Fv2%2Fcomments&post=13591"}],"version-history":[{"count":1,"href":"https:\/\/www.egemtv.com\/index.php?rest_route=\/wp\/v2\/posts\/13591\/revisions"}],"predecessor-version":[{"id":13593,"href":"https:\/\/www.egemtv.com\/index.php?rest_route=\/wp\/v2\/posts\/13591\/revisions\/13593"}],"wp:featuredmedia":[{"embeddable":true,"href":"https:\/\/www.egemtv.com\/index.php?rest_route=\/wp\/v2\/media\/13592"}],"wp:attachment":[{"href":"https:\/\/www.egemtv.com\/index.php?rest_route=%2Fwp%2Fv2%2Fmedia&parent=13591"}],"wp:term":[{"taxonomy":"category","embeddable":true,"href":"https:\/\/www.egemtv.com\/index.php?rest_route=%2Fwp%2Fv2%2Fcategories&post=13591"},{"taxonomy":"post_tag","embeddable":true,"href":"https:\/\/www.egemtv.com\/index.php?rest_route=%2Fwp%2Fv2%2Ftags&post=13591"}],"curies":[{"name":"wp","href":"https:\/\/api.w.org\/{rel}","templated":true}]}}