{"id":13588,"date":"2025-01-30T09:16:07","date_gmt":"2025-01-30T06:16:07","guid":{"rendered":"https:\/\/www.egemtv.com\/?p=13588"},"modified":"2025-01-30T09:16:09","modified_gmt":"2025-01-30T06:16:09","slug":"baskan-gencay-vatandaslari-dinliyor","status":"publish","type":"post","link":"https:\/\/www.egemtv.com\/?p=13588","title":{"rendered":"Ba\u015fkan Gen\u00e7ay, vatanda\u015flar\u0131 dinliyor"},"content":{"rendered":"<p>Didim Belediyesi taraf\u0131ndan ba\u015flat\u0131lan \u201cMahallemi Dinliyorum\u201d bulu\u015fmalar\u0131 kapsam\u0131nda, Didim Belediye Ba\u015fkan\u0131 Hatice Gen\u00e7ay, Yeni Mahalle ve Cumhuriyet Mahallesi sakinleri ile bir araya geldi.<\/p>\n<p>Didimli vatanda\u015flar\u0131n sorun ve taleplerini daha h\u0131zl\u0131 \u00e7\u00f6zmek amac\u0131yla Didim Belediyesi taraf\u0131ndan d\u00fczenlenen Mahallemi Dinliyorum projesi ba\u015flad\u0131. Proje kapsam\u0131nda ilk toplant\u0131 Cumhuriyet Mahallesi Muhtarl\u0131k Binas\u0131 \u00f6n\u00fcnde, ikincisi ise Yeni Mahallesi Muhtarl\u0131k Binas\u0131 \u00f6n\u00fcnde ger\u00e7ekle\u015ftirildi. Toplant\u0131ya Didim Belediye Ba\u015fkan\u0131 Hatice Gen\u00e7ay, Belediye Ba\u015fkan Yard\u0131mc\u0131lar\u0131 Aydan A\u015f\u0131k Turgut, Ali \u00c7elik, Kaan Top\u00e7uo\u011fullar\u0131 ve belediye birim amirleri kat\u0131ld\u0131.<\/p>\n<p>Vatanda\u015flar\u0131n yo\u011fun kat\u0131l\u0131m g\u00f6sterdi\u011fi toplant\u0131larda, Didim Belediye Ba\u015fkan\u0131 Hatice Gen\u00e7ay, vatanda\u015flar\u0131n talep, \u00f6neri ve \u015fikayetlerini dinleyerek not ald\u0131. Toplant\u0131da a\u00e7\u0131klamalarda bulunan Didim Belediye Ba\u015fkan\u0131 Hatice Gen\u00e7ay, \u201cG\u00f6reve geldi\u011fimiz g\u00fcnden bu yana temizlik, ila\u00e7lama, yol \u00e7al\u0131\u015fmalar\u0131 konusunda \u00f6nemli i\u015fler ger\u00e7ekle\u015ftirdik. Haz\u0131rlad\u0131\u011f\u0131m\u0131z projelerimiz de var bir yandan onlar\u0131 da s\u00fcrd\u00fcr\u00fcyoruz. \u00c7al\u0131\u015fmalar\u0131m\u0131za ara vermeden devam edece\u011fiz\u201d dedi.<\/p>\n<p>Gen\u00e7ay, Bug\u00fcn vatanda\u015flar\u0131m\u0131z\u0131 dinlemeye, sorunlar\u0131 tespit edip \u00e7\u00f6zmek amac\u0131yla buraya geldik. Muhtarlar\u0131m\u0131zla s\u00fcrekli isti\u015fare halindeyiz. Didim\u2019imizin t\u00fcm mahallelerinde hem\u015fehrilerimizle bir araya gelmeye, sorunlar\u0131 ve \u00e7\u00f6z\u00fcm yollar\u0131n\u0131 birlikte konu\u015fmaya devam edece\u011fiz\u201d dedi.<br \/><\/p>\n","protected":false},"excerpt":{"rendered":"<p>Didim Belediyesi taraf\u0131ndan ba\u015flat\u0131lan \u201cMahallemi Dinliyorum\u201d bulu\u015fmalar\u0131 kapsam\u0131nda, Didim Belediye Ba\u015fkan\u0131 Hatice Gen\u00e7ay, Yeni Mahalle ve Cumhuriyet Mahallesi sakinleri ile bir araya geldi. Didimli vatanda\u015flar\u0131n sorun ve taleplerini daha h\u0131zl\u0131 \u00e7\u00f6zmek amac\u0131yla Didim Belediyesi taraf\u0131ndan d\u00fczenlenen Mahallemi Dinliyorum projesi ba\u015flad\u0131. Proje kapsam\u0131nda ilk toplant\u0131 Cumhuriyet Mahallesi Muhtarl\u0131k Binas\u0131 \u00f6n\u00fcnde, ikincisi ise Yeni Mahallesi Muhtarl\u0131k Binas\u0131&#8230;<\/p>\n","protected":false},"author":1,"featured_media":13589,"comment_status":"open","ping_status":"open","sticky":false,"template":"","format":"standard","meta":{"_crdt_document":"","footnotes":""},"categories":[1],"tags":[],"class_list":["post-13588","post","type-post","status-publish","format-standard","has-post-thumbnail","hentry","category-guncel"],"_links":{"self":[{"href":"https:\/\/www.egemtv.com\/index.php?rest_route=\/wp\/v2\/posts\/13588","targetHints":{"allow":["GET"]}}],"collection":[{"href":"https:\/\/www.egemtv.com\/index.php?rest_route=\/wp\/v2\/posts"}],"about":[{"href":"https:\/\/www.egemtv.com\/index.php?rest_route=\/wp\/v2\/types\/post"}],"author":[{"embeddable":true,"href":"https:\/\/www.egemtv.com\/index.php?rest_route=\/wp\/v2\/users\/1"}],"replies":[{"embeddable":true,"href":"https:\/\/www.egemtv.com\/index.php?rest_route=%2Fwp%2Fv2%2Fcomments&post=13588"}],"version-history":[{"count":1,"href":"https:\/\/www.egemtv.com\/index.php?rest_route=\/wp\/v2\/posts\/13588\/revisions"}],"predecessor-version":[{"id":13590,"href":"https:\/\/www.egemtv.com\/index.php?rest_route=\/wp\/v2\/posts\/13588\/revisions\/13590"}],"wp:featuredmedia":[{"embeddable":true,"href":"https:\/\/www.egemtv.com\/index.php?rest_route=\/wp\/v2\/media\/13589"}],"wp:attachment":[{"href":"https:\/\/www.egemtv.com\/index.php?rest_route=%2Fwp%2Fv2%2Fmedia&parent=13588"}],"wp:term":[{"taxonomy":"category","embeddable":true,"href":"https:\/\/www.egemtv.com\/index.php?rest_route=%2Fwp%2Fv2%2Fcategories&post=13588"},{"taxonomy":"post_tag","embeddable":true,"href":"https:\/\/www.egemtv.com\/index.php?rest_route=%2Fwp%2Fv2%2Ftags&post=13588"}],"curies":[{"name":"wp","href":"https:\/\/api.w.org\/{rel}","templated":true}]}}