{"id":13585,"date":"2025-01-29T23:47:10","date_gmt":"2025-01-29T20:47:10","guid":{"rendered":"https:\/\/www.egemtv.com\/?p=13585"},"modified":"2025-01-29T23:47:12","modified_gmt":"2025-01-29T20:47:12","slug":"annesini-olduren-genc-ve-ona-yardim-eden-sahis-tutuklandi","status":"publish","type":"post","link":"https:\/\/www.egemtv.com\/?p=13585","title":{"rendered":"Annesini \u00f6ld\u00fcren gen\u00e7 ve ona yard\u0131m eden \u015fah\u0131s tutukland\u0131"},"content":{"rendered":"<p>Afyonkarahisar\u2019da annesini pompal\u0131 t\u00fcfekle vurarak \u00f6ld\u00fcren 19 ya\u015f\u0131ndaki gen\u00e7 ile ona yard\u0131m eden \u015fah\u0131s, tutuklanarak cezaevine g\u00f6nderildi.<br \/>\n<br \/>Olay, Fatih Mahallesi\u2019nde gece ge\u00e7 saatlerde meydana geldi. Edinilen bilgilere g\u00f6re, O.K. isimli \u015fah\u0131sla birlikte annesi Sevgi Erbay\u2019\u0131n oturdu\u011fu eve giden H.H.B. (19), \u00e7\u0131kan tart\u0131\u015fmada annesini yan\u0131nda getirdi\u011fi pompal\u0131 t\u00fcfekle vurdu. G\u00f6\u011fs\u00fcnden yaralanan Erbay, \u00e7evredekilerin ihbar\u0131 \u00fczerine olay yerine gelen ambulansla kald\u0131r\u0131ld\u0131\u011f\u0131 hastanede kurtar\u0131lamayarak ya\u015fam\u0131n\u0131 yitirdi. Olay sonras\u0131 iki \u015fah\u0131sta geldikleri motosiklete binerek olay yerinden ka\u00e7t\u0131. Polis ekipleri ka\u00e7an \u015fah\u0131slar\u0131 yakalayarak g\u00f6zalt\u0131na ald\u0131. Annesini \u00f6ld\u00fcren H.H.B. ile ona yard\u0131m etti\u011fi \u00f6ne s\u00fcr\u00fclen O.K., emniyetteki i\u015flemlerinin ard\u0131ndan sevk edildikleri adliyede \u00e7\u0131kar\u0131ld\u0131klar\u0131 mahkemece tutuklanarak cezaevine g\u00f6nderildi.<br \/>\n<br \/>4 \u00e7ocuk annesi Sevgi Erbay\u2019\u0131n cenazesi ise, Sinanpa\u015fa il\u00e7esi Balmahmut k\u00f6y\u00fcnde topra\u011fa verildi.<br \/><\/p>\n","protected":false},"excerpt":{"rendered":"<p>Afyonkarahisar\u2019da annesini pompal\u0131 t\u00fcfekle vurarak \u00f6ld\u00fcren 19 ya\u015f\u0131ndaki gen\u00e7 ile ona yard\u0131m eden \u015fah\u0131s, tutuklanarak cezaevine g\u00f6nderildi. Olay, Fatih Mahallesi\u2019nde gece ge\u00e7 saatlerde meydana geldi. Edinilen bilgilere g\u00f6re, O.K. isimli \u015fah\u0131sla birlikte annesi Sevgi Erbay\u2019\u0131n oturdu\u011fu eve giden H.H.B. (19), \u00e7\u0131kan tart\u0131\u015fmada annesini yan\u0131nda getirdi\u011fi pompal\u0131 t\u00fcfekle vurdu. G\u00f6\u011fs\u00fcnden yaralanan Erbay, \u00e7evredekilerin ihbar\u0131 \u00fczerine olay&#8230;<\/p>\n","protected":false},"author":1,"featured_media":13586,"comment_status":"open","ping_status":"open","sticky":false,"template":"","format":"standard","meta":{"_crdt_document":"","footnotes":""},"categories":[5],"tags":[],"class_list":["post-13585","post","type-post","status-publish","format-standard","has-post-thumbnail","hentry","category-asayis"],"_links":{"self":[{"href":"https:\/\/www.egemtv.com\/index.php?rest_route=\/wp\/v2\/posts\/13585","targetHints":{"allow":["GET"]}}],"collection":[{"href":"https:\/\/www.egemtv.com\/index.php?rest_route=\/wp\/v2\/posts"}],"about":[{"href":"https:\/\/www.egemtv.com\/index.php?rest_route=\/wp\/v2\/types\/post"}],"author":[{"embeddable":true,"href":"https:\/\/www.egemtv.com\/index.php?rest_route=\/wp\/v2\/users\/1"}],"replies":[{"embeddable":true,"href":"https:\/\/www.egemtv.com\/index.php?rest_route=%2Fwp%2Fv2%2Fcomments&post=13585"}],"version-history":[{"count":1,"href":"https:\/\/www.egemtv.com\/index.php?rest_route=\/wp\/v2\/posts\/13585\/revisions"}],"predecessor-version":[{"id":13587,"href":"https:\/\/www.egemtv.com\/index.php?rest_route=\/wp\/v2\/posts\/13585\/revisions\/13587"}],"wp:featuredmedia":[{"embeddable":true,"href":"https:\/\/www.egemtv.com\/index.php?rest_route=\/wp\/v2\/media\/13586"}],"wp:attachment":[{"href":"https:\/\/www.egemtv.com\/index.php?rest_route=%2Fwp%2Fv2%2Fmedia&parent=13585"}],"wp:term":[{"taxonomy":"category","embeddable":true,"href":"https:\/\/www.egemtv.com\/index.php?rest_route=%2Fwp%2Fv2%2Fcategories&post=13585"},{"taxonomy":"post_tag","embeddable":true,"href":"https:\/\/www.egemtv.com\/index.php?rest_route=%2Fwp%2Fv2%2Ftags&post=13585"}],"curies":[{"name":"wp","href":"https:\/\/api.w.org\/{rel}","templated":true}]}}