{"id":13582,"date":"2025-01-29T23:34:01","date_gmt":"2025-01-29T20:34:01","guid":{"rendered":"https:\/\/www.egemtv.com\/?p=13582"},"modified":"2025-01-29T23:34:03","modified_gmt":"2025-01-29T20:34:03","slug":"izmirde-dustugu-dik-yamacta-mahsur-kalan-vatandasi-itfaiye-kurtardi","status":"publish","type":"post","link":"https:\/\/www.egemtv.com\/?p=13582","title":{"rendered":"\u0130zmir\u2019de d\u00fc\u015ft\u00fc\u011f\u00fc dik yama\u00e7ta mahsur kalan vatanda\u015f\u0131 itfaiye kurtard\u0131"},"content":{"rendered":"<p>\u0130zmir\u2019in Bay\u0131nd\u0131r il\u00e7esinde dengesini kaybederek d\u00fc\u015ft\u00fc\u011f\u00fc dik yama\u00e7ta mahsur kalan \u015fah\u0131s, itfaiye ekipleri taraf\u0131ndan kurtar\u0131ld\u0131.<br \/>\n<br \/>Edinilen bilgilere g\u00f6re, Zeytinova Mahallesi\u2019ndeki zeytinli\u011finde d\u00fc\u015ferek aya\u011f\u0131n\u0131 k\u0131ran vatanda\u015f, yola 50 metre mesafedeki dik yama\u00e7ta mahsur kald\u0131. \u0130hbar \u00fczerine olay yerine intikal eden B\u00fcy\u00fck\u015fehir Belediyesi \u0130tfaiye Dairesi Ba\u015fkanl\u0131\u011f\u0131 G\u00fcney B\u00f6lge Da\u011fda Arama Kurtarma ekipleri, zorlu arazide kurtarma \u00e7al\u0131\u015fmalar\u0131na ba\u015flad\u0131. Yakla\u015f\u0131k 1 saat s\u00fcren \u00e7al\u0131\u015fmalar\u0131n ard\u0131ndan kurtar\u0131lan yaral\u0131 vatanda\u015f, g\u00fcvenli bir \u015fekilde bulundu\u011fu yerden \u00e7\u0131kar\u0131larak sa\u011fl\u0131k ekiplerine teslim edildi.<br \/><\/p>\n","protected":false},"excerpt":{"rendered":"<p>\u0130zmir\u2019in Bay\u0131nd\u0131r il\u00e7esinde dengesini kaybederek d\u00fc\u015ft\u00fc\u011f\u00fc dik yama\u00e7ta mahsur kalan \u015fah\u0131s, itfaiye ekipleri taraf\u0131ndan kurtar\u0131ld\u0131. Edinilen bilgilere g\u00f6re, Zeytinova Mahallesi\u2019ndeki zeytinli\u011finde d\u00fc\u015ferek aya\u011f\u0131n\u0131 k\u0131ran vatanda\u015f, yola 50 metre mesafedeki dik yama\u00e7ta mahsur kald\u0131. \u0130hbar \u00fczerine olay yerine intikal eden B\u00fcy\u00fck\u015fehir Belediyesi \u0130tfaiye Dairesi Ba\u015fkanl\u0131\u011f\u0131 G\u00fcney B\u00f6lge Da\u011fda Arama Kurtarma ekipleri, zorlu arazide kurtarma \u00e7al\u0131\u015fmalar\u0131na ba\u015flad\u0131&#8230;.<\/p>\n","protected":false},"author":1,"featured_media":13583,"comment_status":"open","ping_status":"open","sticky":false,"template":"","format":"standard","meta":{"_crdt_document":"","footnotes":""},"categories":[5],"tags":[],"class_list":["post-13582","post","type-post","status-publish","format-standard","has-post-thumbnail","hentry","category-asayis"],"_links":{"self":[{"href":"https:\/\/www.egemtv.com\/index.php?rest_route=\/wp\/v2\/posts\/13582","targetHints":{"allow":["GET"]}}],"collection":[{"href":"https:\/\/www.egemtv.com\/index.php?rest_route=\/wp\/v2\/posts"}],"about":[{"href":"https:\/\/www.egemtv.com\/index.php?rest_route=\/wp\/v2\/types\/post"}],"author":[{"embeddable":true,"href":"https:\/\/www.egemtv.com\/index.php?rest_route=\/wp\/v2\/users\/1"}],"replies":[{"embeddable":true,"href":"https:\/\/www.egemtv.com\/index.php?rest_route=%2Fwp%2Fv2%2Fcomments&post=13582"}],"version-history":[{"count":1,"href":"https:\/\/www.egemtv.com\/index.php?rest_route=\/wp\/v2\/posts\/13582\/revisions"}],"predecessor-version":[{"id":13584,"href":"https:\/\/www.egemtv.com\/index.php?rest_route=\/wp\/v2\/posts\/13582\/revisions\/13584"}],"wp:featuredmedia":[{"embeddable":true,"href":"https:\/\/www.egemtv.com\/index.php?rest_route=\/wp\/v2\/media\/13583"}],"wp:attachment":[{"href":"https:\/\/www.egemtv.com\/index.php?rest_route=%2Fwp%2Fv2%2Fmedia&parent=13582"}],"wp:term":[{"taxonomy":"category","embeddable":true,"href":"https:\/\/www.egemtv.com\/index.php?rest_route=%2Fwp%2Fv2%2Fcategories&post=13582"},{"taxonomy":"post_tag","embeddable":true,"href":"https:\/\/www.egemtv.com\/index.php?rest_route=%2Fwp%2Fv2%2Ftags&post=13582"}],"curies":[{"name":"wp","href":"https:\/\/api.w.org\/{rel}","templated":true}]}}