{"id":13579,"date":"2025-01-29T23:06:56","date_gmt":"2025-01-29T20:06:56","guid":{"rendered":"https:\/\/www.egemtv.com\/?p=13579"},"modified":"2025-01-29T23:06:58","modified_gmt":"2025-01-29T20:06:58","slug":"domuz-avina-gittigi-arkadasini-kaza-ile-vurarak-oldurdu","status":"publish","type":"post","link":"https:\/\/www.egemtv.com\/?p=13579","title":{"rendered":"Domuz av\u0131na gitti\u011fi arkada\u015f\u0131n\u0131 kaza ile vurarak \u00f6ld\u00fcrd\u00fc"},"content":{"rendered":"<p>Manisa\u2019n\u0131n K\u0131rka\u011fa\u00e7 il\u00e7esinde birlikte domuz av\u0131na gitti\u011fi arkada\u015f\u0131n\u0131 yanl\u0131\u015fl\u0131kla vurarak \u00f6ld\u00fcren \u015fah\u0131s, jandarma ekipleri taraf\u0131ndan g\u00f6zalt\u0131na al\u0131nd\u0131.<br \/>\n<br \/>Edinilen bilgiye g\u00f6re, K\u0131rka\u011fa\u00e7 il\u00e7esine ba\u011fl\u0131 G\u00f6k\u00e7ukur Mahallesi Dedecivar\u0131 mevkiinde ak\u015fam saatlerinde domuz av\u0131na \u00e7\u0131kan S.S. (20), \u00f6n\u00fcnde ilerleyen arkada\u015f\u0131 Davut Tanr\u0131\u00f6ven\u2019i (29) kazara silahla belinden vurdu. Madende \u00e7al\u0131\u015ft\u0131\u011f\u0131 \u00f6\u011frenilen Davut Tanr\u0131\u00f6ven olay yerinde hayat\u0131n\u0131 kaybederken, S.S. jandarma ekipleri taraf\u0131ndan g\u00f6zalt\u0131na al\u0131nd\u0131.<br \/>\n<br \/>Hayat\u0131n\u0131 kaybeden Davut Tanr\u0131\u00f6ven\u2019in 10 ay \u00f6nce d\u00fcnyaevine girdi\u011fi \u00f6\u011frenildi. Olayla ilgili soru\u015fturma ba\u015flat\u0131ld\u0131.<br \/><\/p>\n","protected":false},"excerpt":{"rendered":"<p>Manisa\u2019n\u0131n K\u0131rka\u011fa\u00e7 il\u00e7esinde birlikte domuz av\u0131na gitti\u011fi arkada\u015f\u0131n\u0131 yanl\u0131\u015fl\u0131kla vurarak \u00f6ld\u00fcren \u015fah\u0131s, jandarma ekipleri taraf\u0131ndan g\u00f6zalt\u0131na al\u0131nd\u0131. Edinilen bilgiye g\u00f6re, K\u0131rka\u011fa\u00e7 il\u00e7esine ba\u011fl\u0131 G\u00f6k\u00e7ukur Mahallesi Dedecivar\u0131 mevkiinde ak\u015fam saatlerinde domuz av\u0131na \u00e7\u0131kan S.S. (20), \u00f6n\u00fcnde ilerleyen arkada\u015f\u0131 Davut Tanr\u0131\u00f6ven\u2019i (29) kazara silahla belinden vurdu. Madende \u00e7al\u0131\u015ft\u0131\u011f\u0131 \u00f6\u011frenilen Davut Tanr\u0131\u00f6ven olay yerinde hayat\u0131n\u0131 kaybederken, S.S. jandarma&#8230;<\/p>\n","protected":false},"author":1,"featured_media":13580,"comment_status":"open","ping_status":"open","sticky":false,"template":"","format":"standard","meta":{"_crdt_document":"","footnotes":""},"categories":[5],"tags":[],"class_list":["post-13579","post","type-post","status-publish","format-standard","has-post-thumbnail","hentry","category-asayis"],"_links":{"self":[{"href":"https:\/\/www.egemtv.com\/index.php?rest_route=\/wp\/v2\/posts\/13579","targetHints":{"allow":["GET"]}}],"collection":[{"href":"https:\/\/www.egemtv.com\/index.php?rest_route=\/wp\/v2\/posts"}],"about":[{"href":"https:\/\/www.egemtv.com\/index.php?rest_route=\/wp\/v2\/types\/post"}],"author":[{"embeddable":true,"href":"https:\/\/www.egemtv.com\/index.php?rest_route=\/wp\/v2\/users\/1"}],"replies":[{"embeddable":true,"href":"https:\/\/www.egemtv.com\/index.php?rest_route=%2Fwp%2Fv2%2Fcomments&post=13579"}],"version-history":[{"count":1,"href":"https:\/\/www.egemtv.com\/index.php?rest_route=\/wp\/v2\/posts\/13579\/revisions"}],"predecessor-version":[{"id":13581,"href":"https:\/\/www.egemtv.com\/index.php?rest_route=\/wp\/v2\/posts\/13579\/revisions\/13581"}],"wp:featuredmedia":[{"embeddable":true,"href":"https:\/\/www.egemtv.com\/index.php?rest_route=\/wp\/v2\/media\/13580"}],"wp:attachment":[{"href":"https:\/\/www.egemtv.com\/index.php?rest_route=%2Fwp%2Fv2%2Fmedia&parent=13579"}],"wp:term":[{"taxonomy":"category","embeddable":true,"href":"https:\/\/www.egemtv.com\/index.php?rest_route=%2Fwp%2Fv2%2Fcategories&post=13579"},{"taxonomy":"post_tag","embeddable":true,"href":"https:\/\/www.egemtv.com\/index.php?rest_route=%2Fwp%2Fv2%2Ftags&post=13579"}],"curies":[{"name":"wp","href":"https:\/\/api.w.org\/{rel}","templated":true}]}}