{"id":13576,"date":"2025-01-29T19:55:29","date_gmt":"2025-01-29T16:55:29","guid":{"rendered":"https:\/\/www.egemtv.com\/?p=13576"},"modified":"2025-01-29T19:55:31","modified_gmt":"2025-01-29T16:55:31","slug":"dereye-ucan-motosiklet-surucusunu-jak-kurtardi","status":"publish","type":"post","link":"https:\/\/www.egemtv.com\/?p=13576","title":{"rendered":"Dereye u\u00e7an motosiklet s\u00fcr\u00fcc\u00fcs\u00fcn\u00fc JAK kurtard\u0131"},"content":{"rendered":"<p>Mu\u011fla\u2019n\u0131n Fethiye il\u00e7esinde 10 metre y\u00fckseklikten dereye u\u00e7an motosiklet s\u00fcr\u00fcc\u00fcs\u00fc \u0130lker O., Jandarma Arama Kurtarma (JAK) ekiplerinin yard\u0131m\u0131yla kurtar\u0131ld\u0131.<\/p>\n<p>Kaza Karagedik Mahallesi\u2019nde meydana geldi. Edinilen bilgiye g\u00f6re, orman yolunda seyir halinde olan \u0130lker O., motosikletinin gidon hakimiyetini kaybederek dereye u\u00e7tu. Yakla\u015f\u0131k 10 metre y\u00fckseklikten d\u00fc\u015fen motosiklet hurdaya d\u00f6nerken, s\u00fcr\u00fcc\u00fc \u0130lker O. yaraland\u0131. Olay\u0131n ard\u0131ndan, yaral\u0131 s\u00fcr\u00fcc\u00fc 112 Acil \u00c7a\u011fr\u0131 Merkezi\u2019ni arayarak yard\u0131m istedi. \u0130hbar \u00fczerine b\u00f6lgeye sa\u011fl\u0131k ve jandarma ekipleri sevk edildi. Dere yata\u011f\u0131n\u0131n sarp yap\u0131s\u0131 nedeniyle, JAK Timi\u2019nden destek talep edildi. Ekiplerin titiz \u00e7al\u0131\u015fmas\u0131 sonucu \u0130lker O., bulundu\u011fu yerden kurtar\u0131ld\u0131. Ambulansla hastaneye kald\u0131r\u0131lan s\u00fcr\u00fcc\u00fcn\u00fcn hayati tehlikesinin bulunmad\u0131\u011f\u0131 bildirildi.<br \/><\/p>\n","protected":false},"excerpt":{"rendered":"<p>Mu\u011fla\u2019n\u0131n Fethiye il\u00e7esinde 10 metre y\u00fckseklikten dereye u\u00e7an motosiklet s\u00fcr\u00fcc\u00fcs\u00fc \u0130lker O., Jandarma Arama Kurtarma (JAK) ekiplerinin yard\u0131m\u0131yla kurtar\u0131ld\u0131. Kaza Karagedik Mahallesi\u2019nde meydana geldi. Edinilen bilgiye g\u00f6re, orman yolunda seyir halinde olan \u0130lker O., motosikletinin gidon hakimiyetini kaybederek dereye u\u00e7tu. Yakla\u015f\u0131k 10 metre y\u00fckseklikten d\u00fc\u015fen motosiklet hurdaya d\u00f6nerken, s\u00fcr\u00fcc\u00fc \u0130lker O. yaraland\u0131. Olay\u0131n ard\u0131ndan, yaral\u0131&#8230;<\/p>\n","protected":false},"author":1,"featured_media":13577,"comment_status":"open","ping_status":"open","sticky":false,"template":"","format":"standard","meta":{"_crdt_document":"","footnotes":""},"categories":[5],"tags":[],"class_list":["post-13576","post","type-post","status-publish","format-standard","has-post-thumbnail","hentry","category-asayis"],"_links":{"self":[{"href":"https:\/\/www.egemtv.com\/index.php?rest_route=\/wp\/v2\/posts\/13576","targetHints":{"allow":["GET"]}}],"collection":[{"href":"https:\/\/www.egemtv.com\/index.php?rest_route=\/wp\/v2\/posts"}],"about":[{"href":"https:\/\/www.egemtv.com\/index.php?rest_route=\/wp\/v2\/types\/post"}],"author":[{"embeddable":true,"href":"https:\/\/www.egemtv.com\/index.php?rest_route=\/wp\/v2\/users\/1"}],"replies":[{"embeddable":true,"href":"https:\/\/www.egemtv.com\/index.php?rest_route=%2Fwp%2Fv2%2Fcomments&post=13576"}],"version-history":[{"count":1,"href":"https:\/\/www.egemtv.com\/index.php?rest_route=\/wp\/v2\/posts\/13576\/revisions"}],"predecessor-version":[{"id":13578,"href":"https:\/\/www.egemtv.com\/index.php?rest_route=\/wp\/v2\/posts\/13576\/revisions\/13578"}],"wp:featuredmedia":[{"embeddable":true,"href":"https:\/\/www.egemtv.com\/index.php?rest_route=\/wp\/v2\/media\/13577"}],"wp:attachment":[{"href":"https:\/\/www.egemtv.com\/index.php?rest_route=%2Fwp%2Fv2%2Fmedia&parent=13576"}],"wp:term":[{"taxonomy":"category","embeddable":true,"href":"https:\/\/www.egemtv.com\/index.php?rest_route=%2Fwp%2Fv2%2Fcategories&post=13576"},{"taxonomy":"post_tag","embeddable":true,"href":"https:\/\/www.egemtv.com\/index.php?rest_route=%2Fwp%2Fv2%2Ftags&post=13576"}],"curies":[{"name":"wp","href":"https:\/\/api.w.org\/{rel}","templated":true}]}}