{"id":13573,"date":"2025-01-29T19:52:18","date_gmt":"2025-01-29T16:52:18","guid":{"rendered":"https:\/\/www.egemtv.com\/?p=13573"},"modified":"2025-01-29T19:52:20","modified_gmt":"2025-01-29T16:52:20","slug":"aydinda-traktor-kazasi-1-olu","status":"publish","type":"post","link":"https:\/\/www.egemtv.com\/?p=13573","title":{"rendered":"Ayd\u0131n\u2019da trakt\u00f6r kazas\u0131: 1 \u00f6l\u00fc"},"content":{"rendered":"<p>Ayd\u0131n\u2019\u0131n \u00c7ine il\u00e7esinde zeytin bah\u00e7esinde devrilen trakt\u00f6r\u00fcn alt\u0131nda kalan \u015fah\u0131s hayat\u0131n\u0131 kaybetti.<br \/>\n<br \/>Kaza G\u00f6kkaya Mahallesi Memi\u015fler mevkiinde meydana geldi. Edinilen bilgiye g\u00f6re, Ramazan Oktay y\u00f6netimindeki 37 DN 704 plakal\u0131 trakt\u00f6r, s\u00fcr\u00fcc\u00fcs\u00fcn\u00fcn direksiyon hakimiyetini kaybetmesi sonras\u0131nda zeytin bah\u00e7esinde devrildi. Kaza ihbar\u0131 \u00fczerine b\u00f6lgeye Acil Sa\u011fl\u0131k, Jandarma ve itfaiye ekipleri sevk edildi. Olay yerinde yap\u0131lan \u00e7al\u0131\u015fmada trakt\u00f6r alt\u0131nda kalan Oktay\u2019\u0131n olay yerinde hayat\u0131n\u0131 kaybetti\u011fini tespit etti. olay yerinde yap\u0131lan incelemenin ard\u0131ndan Oktay\u2019\u0131n cans\u0131z bedeni hastane morguna kald\u0131r\u0131ld\u0131.<br \/><\/p>\n","protected":false},"excerpt":{"rendered":"<p>Ayd\u0131n\u2019\u0131n \u00c7ine il\u00e7esinde zeytin bah\u00e7esinde devrilen trakt\u00f6r\u00fcn alt\u0131nda kalan \u015fah\u0131s hayat\u0131n\u0131 kaybetti. Kaza G\u00f6kkaya Mahallesi Memi\u015fler mevkiinde meydana geldi. Edinilen bilgiye g\u00f6re, Ramazan Oktay y\u00f6netimindeki 37 DN 704 plakal\u0131 trakt\u00f6r, s\u00fcr\u00fcc\u00fcs\u00fcn\u00fcn direksiyon hakimiyetini kaybetmesi sonras\u0131nda zeytin bah\u00e7esinde devrildi. Kaza ihbar\u0131 \u00fczerine b\u00f6lgeye Acil Sa\u011fl\u0131k, Jandarma ve itfaiye ekipleri sevk edildi. Olay yerinde yap\u0131lan \u00e7al\u0131\u015fmada trakt\u00f6r&#8230;<\/p>\n","protected":false},"author":1,"featured_media":13574,"comment_status":"open","ping_status":"open","sticky":false,"template":"","format":"standard","meta":{"_crdt_document":"","footnotes":""},"categories":[5],"tags":[],"class_list":["post-13573","post","type-post","status-publish","format-standard","has-post-thumbnail","hentry","category-asayis"],"_links":{"self":[{"href":"https:\/\/www.egemtv.com\/index.php?rest_route=\/wp\/v2\/posts\/13573","targetHints":{"allow":["GET"]}}],"collection":[{"href":"https:\/\/www.egemtv.com\/index.php?rest_route=\/wp\/v2\/posts"}],"about":[{"href":"https:\/\/www.egemtv.com\/index.php?rest_route=\/wp\/v2\/types\/post"}],"author":[{"embeddable":true,"href":"https:\/\/www.egemtv.com\/index.php?rest_route=\/wp\/v2\/users\/1"}],"replies":[{"embeddable":true,"href":"https:\/\/www.egemtv.com\/index.php?rest_route=%2Fwp%2Fv2%2Fcomments&post=13573"}],"version-history":[{"count":1,"href":"https:\/\/www.egemtv.com\/index.php?rest_route=\/wp\/v2\/posts\/13573\/revisions"}],"predecessor-version":[{"id":13575,"href":"https:\/\/www.egemtv.com\/index.php?rest_route=\/wp\/v2\/posts\/13573\/revisions\/13575"}],"wp:featuredmedia":[{"embeddable":true,"href":"https:\/\/www.egemtv.com\/index.php?rest_route=\/wp\/v2\/media\/13574"}],"wp:attachment":[{"href":"https:\/\/www.egemtv.com\/index.php?rest_route=%2Fwp%2Fv2%2Fmedia&parent=13573"}],"wp:term":[{"taxonomy":"category","embeddable":true,"href":"https:\/\/www.egemtv.com\/index.php?rest_route=%2Fwp%2Fv2%2Fcategories&post=13573"},{"taxonomy":"post_tag","embeddable":true,"href":"https:\/\/www.egemtv.com\/index.php?rest_route=%2Fwp%2Fv2%2Ftags&post=13573"}],"curies":[{"name":"wp","href":"https:\/\/api.w.org\/{rel}","templated":true}]}}