{"id":13570,"date":"2025-01-29T18:31:11","date_gmt":"2025-01-29T15:31:11","guid":{"rendered":"https:\/\/www.egemtv.com\/?p=13570"},"modified":"2025-01-29T18:31:12","modified_gmt":"2025-01-29T15:31:12","slug":"izmirde-sicak-su-kazani-patladi-8-yarali","status":"publish","type":"post","link":"https:\/\/www.egemtv.com\/?p=13570","title":{"rendered":"\u0130zmir\u2019de s\u0131cak su kazan\u0131 patlad\u0131: 8 yaral\u0131"},"content":{"rendered":"<p>\u0130zmir\u2019in Alia\u011fa il\u00e7esinde in\u015faat halindeki konutlarda meydana gelen patlamada 2\u2019si a\u011f\u0131r olmak \u00fczere 8 i\u015f\u00e7i yaraland\u0131.<br \/>\n<br \/>Edinilen bilgiye g\u00f6re, Alia\u011fa il\u00e7esi Samurlu Mahallesi\u2019nde in\u015faat\u0131 devam eden konutlarda su kazan\u0131n\u0131n patlamas\u0131 sonucu 8 i\u015f\u00e7i yaraland\u0131. Patlaman\u0131n ard\u0131ndan olay yerine sa\u011fl\u0131k ekipleri sevk edildi. Hastaneye kald\u0131r\u0131lan yaral\u0131lardan durumu a\u011f\u0131r olan 3 ki\u015fi \u0130zmir\u2019e sevk edildi.<br \/><\/p>\n","protected":false},"excerpt":{"rendered":"<p>\u0130zmir\u2019in Alia\u011fa il\u00e7esinde in\u015faat halindeki konutlarda meydana gelen patlamada 2\u2019si a\u011f\u0131r olmak \u00fczere 8 i\u015f\u00e7i yaraland\u0131. Edinilen bilgiye g\u00f6re, Alia\u011fa il\u00e7esi Samurlu Mahallesi\u2019nde in\u015faat\u0131 devam eden konutlarda su kazan\u0131n\u0131n patlamas\u0131 sonucu 8 i\u015f\u00e7i yaraland\u0131. Patlaman\u0131n ard\u0131ndan olay yerine sa\u011fl\u0131k ekipleri sevk edildi. Hastaneye kald\u0131r\u0131lan yaral\u0131lardan durumu a\u011f\u0131r olan 3 ki\u015fi \u0130zmir\u2019e sevk edildi.<\/p>\n","protected":false},"author":1,"featured_media":13571,"comment_status":"open","ping_status":"open","sticky":false,"template":"","format":"standard","meta":{"_crdt_document":"","footnotes":""},"categories":[5],"tags":[],"class_list":["post-13570","post","type-post","status-publish","format-standard","has-post-thumbnail","hentry","category-asayis"],"_links":{"self":[{"href":"https:\/\/www.egemtv.com\/index.php?rest_route=\/wp\/v2\/posts\/13570","targetHints":{"allow":["GET"]}}],"collection":[{"href":"https:\/\/www.egemtv.com\/index.php?rest_route=\/wp\/v2\/posts"}],"about":[{"href":"https:\/\/www.egemtv.com\/index.php?rest_route=\/wp\/v2\/types\/post"}],"author":[{"embeddable":true,"href":"https:\/\/www.egemtv.com\/index.php?rest_route=\/wp\/v2\/users\/1"}],"replies":[{"embeddable":true,"href":"https:\/\/www.egemtv.com\/index.php?rest_route=%2Fwp%2Fv2%2Fcomments&post=13570"}],"version-history":[{"count":1,"href":"https:\/\/www.egemtv.com\/index.php?rest_route=\/wp\/v2\/posts\/13570\/revisions"}],"predecessor-version":[{"id":13572,"href":"https:\/\/www.egemtv.com\/index.php?rest_route=\/wp\/v2\/posts\/13570\/revisions\/13572"}],"wp:featuredmedia":[{"embeddable":true,"href":"https:\/\/www.egemtv.com\/index.php?rest_route=\/wp\/v2\/media\/13571"}],"wp:attachment":[{"href":"https:\/\/www.egemtv.com\/index.php?rest_route=%2Fwp%2Fv2%2Fmedia&parent=13570"}],"wp:term":[{"taxonomy":"category","embeddable":true,"href":"https:\/\/www.egemtv.com\/index.php?rest_route=%2Fwp%2Fv2%2Fcategories&post=13570"},{"taxonomy":"post_tag","embeddable":true,"href":"https:\/\/www.egemtv.com\/index.php?rest_route=%2Fwp%2Fv2%2Ftags&post=13570"}],"curies":[{"name":"wp","href":"https:\/\/api.w.org\/{rel}","templated":true}]}}