{"id":13564,"date":"2025-01-29T18:20:51","date_gmt":"2025-01-29T15:20:51","guid":{"rendered":"https:\/\/www.egemtv.com\/?p=13564"},"modified":"2025-01-29T18:20:53","modified_gmt":"2025-01-29T15:20:53","slug":"mhp-genel-baskan-yardimcisi-sadir-hicbir-teror-orgutune-yasam-izni-yoktur","status":"publish","type":"post","link":"https:\/\/www.egemtv.com\/?p=13564","title":{"rendered":"MHP Genel Ba\u015fkan Yard\u0131mc\u0131s\u0131 Sadir: \u201cHi\u00e7bir ter\u00f6r \u00f6rg\u00fct\u00fcne ya\u015fam izni yoktur\u201d"},"content":{"rendered":"<p>Milliyet\u00e7i Hareket Partisi (MHP) Yerel Y\u00f6netimlerden Sorumlu Genel Ba\u015fkan Yard\u0131mc\u0131s\u0131 Sadir Durmaz, ter\u00f6rs\u00fcz T\u00fcrkiye vurgusu yaparak, \u201cS\u0131n\u0131rlar\u0131m\u0131z\u0131n i\u00e7inde veya s\u0131n\u0131r \u00f6tesinde \u00fclkemizi, milletimizi tehdit eden hi\u00e7bir ter\u00f6r \u00f6rg\u00fct\u00fcne ya\u015fam izni yoktur ve olmayacakt\u0131r\u201d dedi.<br \/>\n<br \/>MHP Afyonkarahisar-K\u00fctahya-U\u015fak Belediye Meclis \u00dcyeleri \u0130sti\u015fare ve De\u011ferlendirme Toplant\u0131s\u0131, MHP Afyonkarahisar \u0130l Ba\u015fkanl\u0131\u011f\u0131 ev sahipli\u011finde ger\u00e7ekle\u015ftirildi. Bir termal otelde d\u00fczenlenen toplant\u0131ya MHP Yerel Y\u00f6netimlerden Sorumlu Genel Ba\u015fkan Yard\u0131mc\u0131s\u0131 Sadir Durmaz, \u00fc\u00e7 ilin milletvekilleri, belediye ba\u015fkanlar\u0131, il ba\u015fkanlar\u0131, belediye meclis \u00fcyeleri ve \u00e7ok say\u0131da parti \u00fcyesi kat\u0131ld\u0131.<br \/>\n<br \/>MHP Genel Ba\u015fkan Yard\u0131mc\u0131s\u0131 Durmaz, yapt\u0131\u011f\u0131 konu\u015fmada ter\u00f6rs\u00fcz T\u00fcrkiye vurgusu yaparak, \u201cLiderimizin \u00f6nc\u00fcl\u00fc\u011f\u00fcnde ter\u00f6r\u00fc g\u00fcndemimizden \u00e7\u0131kar\u0131p ter\u00f6rs\u00fcz T\u00fcrkiye vizyonumuzu dile getiriyoruz. Say\u0131n Genel Ba\u015fkan\u0131m\u0131z\u0131n ortaya koydu\u011fu bu vizyon milli birlik ve kararl\u0131l\u0131kla ter\u00f6r\u00fcn k\u00f6k\u00fcn\u00fc kaz\u0131may\u0131 ve daha huzurlu bir T\u00fcrkiye in\u015fa etmeyi ama\u00e7lamaktad\u0131r. Bu topraklarda y\u00fczy\u0131llard\u0131r s\u00fcren Bizans oyunlar\u0131n\u0131n sonu gelmekte ve in\u015fallah T\u00fcrk milletinin deste\u011fi T\u00fcrk devletinin g\u00fcc\u00fcyle yeni bir \u015fahlan\u0131\u015f d\u00f6nemine kap\u0131 aralanmaktad\u0131r. Tekraren ve \u00fcst\u00fcne basa basa diyoruz ki ya silahlar g\u00f6m\u00fclecek ya silah\u0131 tutanlar g\u00f6m\u00fclecek. S\u0131n\u0131rlar\u0131m\u0131z\u0131n i\u00e7inde veya s\u0131n\u0131r \u00f6tesinde \u00fclkemizi, milletimizi tehdit eden hi\u00e7bir ter\u00f6r \u00f6rg\u00fct\u00fcne ya\u015fam izni yoktur ve olmayacakt\u0131r\u201d dedi.<br \/>\n<br \/>Yerel y\u00f6netimleri millete hizmetin en \u00f6nemli kurumlardan biri olarak g\u00f6rd\u00fcklerini ifade eden Durmaz, \u201cSiyasetini T\u00fcrk milletinin de\u011ferlerine ve tarihi miras\u0131na dayand\u0131ran bir parti olarak yerel y\u00f6netimleri milletimize hizmetin en \u00f6nemli kurumlardan biri olarak g\u00f6r\u00fcyoruz. Bu bak\u0131\u015f a\u00e7\u0131m\u0131z yerel y\u00f6netimlerimize dair vizyon belgemiz olan \u2018\u00fcretken belediyecilik\u2019 anlay\u0131\u015f\u0131n\u0131n da temelini olu\u015fturur. Bize g\u00f6re yerel y\u00f6netimlerin g\u00f6revleri halk\u0131n ihtiya\u00e7lar\u0131n\u0131 g\u00f6zetmek ve milli birlik ve beraberlik ruhunu g\u00fc\u00e7lendirmek \u00fczerine \u015fekillenmelidir. Bu anlamda \u2018\u00fcretken belediyecilik\u2019 anlay\u0131\u015f\u0131m\u0131z sadece bir idari y\u00f6netim tarz\u0131 de\u011fil, ayn\u0131 zamanda yerelden ulusala uzanan bir kalk\u0131nma hamlesidir\u201d diye konu\u015ftu.<br \/>\n<br \/>Konu\u015fman\u0131n ar\u0131ndan toplant\u0131 bas\u0131na kapal\u0131 olarak devam etti.<br \/><\/p>\n","protected":false},"excerpt":{"rendered":"<p>Milliyet\u00e7i Hareket Partisi (MHP) Yerel Y\u00f6netimlerden Sorumlu Genel Ba\u015fkan Yard\u0131mc\u0131s\u0131 Sadir Durmaz, ter\u00f6rs\u00fcz T\u00fcrkiye vurgusu yaparak, \u201cS\u0131n\u0131rlar\u0131m\u0131z\u0131n i\u00e7inde veya s\u0131n\u0131r \u00f6tesinde \u00fclkemizi, milletimizi tehdit eden hi\u00e7bir ter\u00f6r \u00f6rg\u00fct\u00fcne ya\u015fam izni yoktur ve olmayacakt\u0131r\u201d dedi. MHP Afyonkarahisar-K\u00fctahya-U\u015fak Belediye Meclis \u00dcyeleri \u0130sti\u015fare ve De\u011ferlendirme Toplant\u0131s\u0131, MHP Afyonkarahisar \u0130l Ba\u015fkanl\u0131\u011f\u0131 ev sahipli\u011finde ger\u00e7ekle\u015ftirildi. Bir termal otelde d\u00fczenlenen toplant\u0131ya&#8230;<\/p>\n","protected":false},"author":1,"featured_media":13565,"comment_status":"open","ping_status":"open","sticky":false,"template":"","format":"standard","meta":{"_crdt_document":"","footnotes":""},"categories":[127],"tags":[],"class_list":["post-13564","post","type-post","status-publish","format-standard","has-post-thumbnail","hentry","category-siyaset"],"_links":{"self":[{"href":"https:\/\/www.egemtv.com\/index.php?rest_route=\/wp\/v2\/posts\/13564","targetHints":{"allow":["GET"]}}],"collection":[{"href":"https:\/\/www.egemtv.com\/index.php?rest_route=\/wp\/v2\/posts"}],"about":[{"href":"https:\/\/www.egemtv.com\/index.php?rest_route=\/wp\/v2\/types\/post"}],"author":[{"embeddable":true,"href":"https:\/\/www.egemtv.com\/index.php?rest_route=\/wp\/v2\/users\/1"}],"replies":[{"embeddable":true,"href":"https:\/\/www.egemtv.com\/index.php?rest_route=%2Fwp%2Fv2%2Fcomments&post=13564"}],"version-history":[{"count":1,"href":"https:\/\/www.egemtv.com\/index.php?rest_route=\/wp\/v2\/posts\/13564\/revisions"}],"predecessor-version":[{"id":13566,"href":"https:\/\/www.egemtv.com\/index.php?rest_route=\/wp\/v2\/posts\/13564\/revisions\/13566"}],"wp:featuredmedia":[{"embeddable":true,"href":"https:\/\/www.egemtv.com\/index.php?rest_route=\/wp\/v2\/media\/13565"}],"wp:attachment":[{"href":"https:\/\/www.egemtv.com\/index.php?rest_route=%2Fwp%2Fv2%2Fmedia&parent=13564"}],"wp:term":[{"taxonomy":"category","embeddable":true,"href":"https:\/\/www.egemtv.com\/index.php?rest_route=%2Fwp%2Fv2%2Fcategories&post=13564"},{"taxonomy":"post_tag","embeddable":true,"href":"https:\/\/www.egemtv.com\/index.php?rest_route=%2Fwp%2Fv2%2Ftags&post=13564"}],"curies":[{"name":"wp","href":"https:\/\/api.w.org\/{rel}","templated":true}]}}