{"id":13558,"date":"2025-01-29T17:28:36","date_gmt":"2025-01-29T14:28:36","guid":{"rendered":"https:\/\/www.egemtv.com\/?p=13558"},"modified":"2025-01-29T17:28:38","modified_gmt":"2025-01-29T14:28:38","slug":"3-gundur-kayip-olan-kadinin-cansiz-bedeni-karsi-komsusunun-bahcesindeki-cuvalda-bulundu","status":"publish","type":"post","link":"https:\/\/www.egemtv.com\/?p=13558","title":{"rendered":"3 g\u00fcnd\u00fcr kay\u0131p olan kad\u0131n\u0131n cans\u0131z bedeni kar\u015f\u0131 kom\u015fusunun bah\u00e7esindeki \u00e7uvalda bulundu"},"content":{"rendered":"<p>Denizli\u2019nin \u00c7ivril il\u00e7esinde 3 g\u00fcn \u00f6nce \u2019Kom\u015fuya gidiyorum\u2019 diyerek evden ayr\u0131lan ya\u015fl\u0131 kad\u0131ndan haber al\u0131nam\u0131yordu. Yap\u0131lan aramalar neticesinde ya\u015fl\u0131 kad\u0131n\u0131n cans\u0131z bedeni evinden 30 metre uzakl\u0131kta bulunan bir evin bah\u00e7esindeki \u00e7uval\u0131n i\u00e7inde bulundu.<br \/>\n<br \/>Olay, \u00c7ivril il\u00e7esi \u00c7ar\u015f\u0131 Mahallesi\u2019nde meydana geldi. Edinilen bilgilere g\u00f6re; 3 g\u00fcn \u00f6nce \u2019Kom\u015fuya gidiyorum\u2019 diyerek evden \u00e7\u0131kan Serpil Girgin\u2019den (54) bir daha haber al\u0131namad\u0131. 54 ya\u015f\u0131ndaki kad\u0131na ula\u015famayan yak\u0131nlar\u0131 durumu polis ekiplerini bildirdi. Kay\u0131p ihbar\u0131n\u0131n ard\u0131ndan evin \u00e7evresinde ve mahalle \u00e7al\u0131\u015fma ba\u015flatan polis ekipleri, kay\u0131p kad\u0131n\u0131n kar\u015f\u0131 kom\u015fusuna ait bah\u00e7esindeki \u00e7uval\u0131n dikkatlerini \u00e7ekmesi \u00fczerine arama yapt\u0131. Yap\u0131lan aramada \u00e7uval i\u00e7erisinde Serpil Girgin\u2019in cans\u0131z bedeni bulundu.<br \/>\n<br \/>Polis olay ile ilgili titiz bir \u00e7al\u0131\u015fma ba\u015flat\u0131rken ev sahibi ifadesine ba\u015fvurulmak \u00fczere polis merkezine g\u00f6t\u00fcr\u00fcld\u00fc. B\u00f6lgede olay yeri inceleme ve \u00c7ivril Cumhuriyet Ba\u015fsavc\u0131s\u0131n\u0131n yapt\u0131\u011f\u0131 incelemenin ard\u0131ndan Serpil Girgin\u2019in cenazesi kesin \u00f6l\u00fcm sebebinin belirlenmesi ve otopsi yap\u0131lmak \u00fczere Denizli Adli T\u0131p Kurumu morguna kald\u0131r\u0131ld\u0131.<br \/>\n<br \/>\u00d6te yandan, polis ekipleri cinayetin \u015f\u00fcphelisini veya \u015f\u00fcphelilerini yakalamak i\u00e7in \u00e7al\u0131\u015fmalar\u0131n\u0131 s\u00fcrd\u00fcr\u00fcrken, olayla ilgili soru\u015fturma ba\u015flat\u0131ld\u0131.<br \/><\/p>\n","protected":false},"excerpt":{"rendered":"<p>Denizli\u2019nin \u00c7ivril il\u00e7esinde 3 g\u00fcn \u00f6nce \u2019Kom\u015fuya gidiyorum\u2019 diyerek evden ayr\u0131lan ya\u015fl\u0131 kad\u0131ndan haber al\u0131nam\u0131yordu. Yap\u0131lan aramalar neticesinde ya\u015fl\u0131 kad\u0131n\u0131n cans\u0131z bedeni evinden 30 metre uzakl\u0131kta bulunan bir evin bah\u00e7esindeki \u00e7uval\u0131n i\u00e7inde bulundu. Olay, \u00c7ivril il\u00e7esi \u00c7ar\u015f\u0131 Mahallesi\u2019nde meydana geldi. Edinilen bilgilere g\u00f6re; 3 g\u00fcn \u00f6nce \u2019Kom\u015fuya gidiyorum\u2019 diyerek evden \u00e7\u0131kan Serpil Girgin\u2019den (54) bir&#8230;<\/p>\n","protected":false},"author":1,"featured_media":13559,"comment_status":"open","ping_status":"open","sticky":false,"template":"","format":"standard","meta":{"_crdt_document":"","footnotes":""},"categories":[5],"tags":[],"class_list":["post-13558","post","type-post","status-publish","format-standard","has-post-thumbnail","hentry","category-asayis"],"_links":{"self":[{"href":"https:\/\/www.egemtv.com\/index.php?rest_route=\/wp\/v2\/posts\/13558","targetHints":{"allow":["GET"]}}],"collection":[{"href":"https:\/\/www.egemtv.com\/index.php?rest_route=\/wp\/v2\/posts"}],"about":[{"href":"https:\/\/www.egemtv.com\/index.php?rest_route=\/wp\/v2\/types\/post"}],"author":[{"embeddable":true,"href":"https:\/\/www.egemtv.com\/index.php?rest_route=\/wp\/v2\/users\/1"}],"replies":[{"embeddable":true,"href":"https:\/\/www.egemtv.com\/index.php?rest_route=%2Fwp%2Fv2%2Fcomments&post=13558"}],"version-history":[{"count":1,"href":"https:\/\/www.egemtv.com\/index.php?rest_route=\/wp\/v2\/posts\/13558\/revisions"}],"predecessor-version":[{"id":13560,"href":"https:\/\/www.egemtv.com\/index.php?rest_route=\/wp\/v2\/posts\/13558\/revisions\/13560"}],"wp:featuredmedia":[{"embeddable":true,"href":"https:\/\/www.egemtv.com\/index.php?rest_route=\/wp\/v2\/media\/13559"}],"wp:attachment":[{"href":"https:\/\/www.egemtv.com\/index.php?rest_route=%2Fwp%2Fv2%2Fmedia&parent=13558"}],"wp:term":[{"taxonomy":"category","embeddable":true,"href":"https:\/\/www.egemtv.com\/index.php?rest_route=%2Fwp%2Fv2%2Fcategories&post=13558"},{"taxonomy":"post_tag","embeddable":true,"href":"https:\/\/www.egemtv.com\/index.php?rest_route=%2Fwp%2Fv2%2Ftags&post=13558"}],"curies":[{"name":"wp","href":"https:\/\/api.w.org\/{rel}","templated":true}]}}