{"id":13552,"date":"2025-01-29T16:40:34","date_gmt":"2025-01-29T13:40:34","guid":{"rendered":"https:\/\/www.egemtv.com\/?p=13552"},"modified":"2025-01-29T16:40:37","modified_gmt":"2025-01-29T13:40:37","slug":"manisa-fkda-karagumruk-macinin-hazirliklari-basladi","status":"publish","type":"post","link":"https:\/\/www.egemtv.com\/?p=13552","title":{"rendered":"Manisa FK\u2019da Karag\u00fcmr\u00fck ma\u00e7\u0131n\u0131n haz\u0131rl\u0131klar\u0131 ba\u015flad\u0131"},"content":{"rendered":"<p>Manisa Futbol Kul\u00fcb\u00fc, Trendyol 1. Lig\u2019in 22. hafta m\u00fccadelesinde sahas\u0131nda kar\u015f\u0131la\u015faca\u011f\u0131 Fatih Karag\u00fcmr\u00fck ma\u00e7\u0131n\u0131n haz\u0131rl\u0131klar\u0131na yapt\u0131\u011f\u0131 antrenmanla ba\u015flad\u0131.<br \/>\n<br \/>Teknik Direkt\u00f6r Hakan \u015eap\u00e7\u0131 y\u00f6netiminde ger\u00e7ekle\u015fen antrenmanda Sakaryaspor ma\u00e7\u0131nda g\u00f6rev alan oyuncular rejenerasyon ve pas \u00e7al\u0131\u015fmas\u0131 yapt\u0131. Di\u011fer oyuncular ise \u0131s\u0131nma hareketlerinin ard\u0131ndan antrenman\u0131 dar alan oyunuyla idman\u0131 tamamlad\u0131.<br \/>\n<br \/>Manisa FK &#8211; Fatih Karag\u00fcmr\u00fck ma\u00e7\u0131 2 \u015eubat Pazar g\u00fcn\u00fc saat 16.00\u2019da Manisa 19 May\u0131s Stadyumu\u2019nda oynanacak.<br \/>\n<br \/>Siyah-beyazl\u0131lar, yar\u0131n yapaca\u011f\u0131 antrenmanla Fatih Karag\u00fcmr\u00fck ma\u00e7\u0131n\u0131n haz\u0131rl\u0131klar\u0131n\u0131 s\u00fcrd\u00fcrecek.<br \/><\/p>\n","protected":false},"excerpt":{"rendered":"<p>Manisa Futbol Kul\u00fcb\u00fc, Trendyol 1. Lig\u2019in 22. hafta m\u00fccadelesinde sahas\u0131nda kar\u015f\u0131la\u015faca\u011f\u0131 Fatih Karag\u00fcmr\u00fck ma\u00e7\u0131n\u0131n haz\u0131rl\u0131klar\u0131na yapt\u0131\u011f\u0131 antrenmanla ba\u015flad\u0131. Teknik Direkt\u00f6r Hakan \u015eap\u00e7\u0131 y\u00f6netiminde ger\u00e7ekle\u015fen antrenmanda Sakaryaspor ma\u00e7\u0131nda g\u00f6rev alan oyuncular rejenerasyon ve pas \u00e7al\u0131\u015fmas\u0131 yapt\u0131. Di\u011fer oyuncular ise \u0131s\u0131nma hareketlerinin ard\u0131ndan antrenman\u0131 dar alan oyunuyla idman\u0131 tamamlad\u0131. Manisa FK &#8211; Fatih Karag\u00fcmr\u00fck ma\u00e7\u0131 2 \u015eubat&#8230;<\/p>\n","protected":false},"author":1,"featured_media":13553,"comment_status":"open","ping_status":"open","sticky":false,"template":"","format":"standard","meta":{"_crdt_document":"","footnotes":""},"categories":[4],"tags":[],"class_list":["post-13552","post","type-post","status-publish","format-standard","has-post-thumbnail","hentry","category-spor"],"_links":{"self":[{"href":"https:\/\/www.egemtv.com\/index.php?rest_route=\/wp\/v2\/posts\/13552","targetHints":{"allow":["GET"]}}],"collection":[{"href":"https:\/\/www.egemtv.com\/index.php?rest_route=\/wp\/v2\/posts"}],"about":[{"href":"https:\/\/www.egemtv.com\/index.php?rest_route=\/wp\/v2\/types\/post"}],"author":[{"embeddable":true,"href":"https:\/\/www.egemtv.com\/index.php?rest_route=\/wp\/v2\/users\/1"}],"replies":[{"embeddable":true,"href":"https:\/\/www.egemtv.com\/index.php?rest_route=%2Fwp%2Fv2%2Fcomments&post=13552"}],"version-history":[{"count":1,"href":"https:\/\/www.egemtv.com\/index.php?rest_route=\/wp\/v2\/posts\/13552\/revisions"}],"predecessor-version":[{"id":13554,"href":"https:\/\/www.egemtv.com\/index.php?rest_route=\/wp\/v2\/posts\/13552\/revisions\/13554"}],"wp:featuredmedia":[{"embeddable":true,"href":"https:\/\/www.egemtv.com\/index.php?rest_route=\/wp\/v2\/media\/13553"}],"wp:attachment":[{"href":"https:\/\/www.egemtv.com\/index.php?rest_route=%2Fwp%2Fv2%2Fmedia&parent=13552"}],"wp:term":[{"taxonomy":"category","embeddable":true,"href":"https:\/\/www.egemtv.com\/index.php?rest_route=%2Fwp%2Fv2%2Fcategories&post=13552"},{"taxonomy":"post_tag","embeddable":true,"href":"https:\/\/www.egemtv.com\/index.php?rest_route=%2Fwp%2Fv2%2Ftags&post=13552"}],"curies":[{"name":"wp","href":"https:\/\/api.w.org\/{rel}","templated":true}]}}