{"id":13546,"date":"2025-01-29T16:22:41","date_gmt":"2025-01-29T13:22:41","guid":{"rendered":"https:\/\/www.egemtv.com\/?p=13546"},"modified":"2025-01-29T16:22:43","modified_gmt":"2025-01-29T13:22:43","slug":"didimde-is-yeri-hirsizligi","status":"publish","type":"post","link":"https:\/\/www.egemtv.com\/?p=13546","title":{"rendered":"Didim\u2019de i\u015f yeri h\u0131rs\u0131zl\u0131\u011f\u0131"},"content":{"rendered":"<p>Ayd\u0131n\u2019\u0131n Didim il\u00e7esinde bir lokantaya giren ya\u015f\u0131 k\u00fc\u00e7\u00fck h\u0131rs\u0131z\u0131n, kasadan para \u00e7ald\u0131\u011f\u0131 anlar g\u00fcvenlik kameras\u0131na yans\u0131d\u0131.<br \/>\n<br \/>Edinilen bilgiye g\u00f6re, Yeni Mahalle\u2019de faaliyet g\u00f6steren bir lokantaya giren k\u00fc\u00e7\u00fck ya\u015flardaki h\u0131rs\u0131z\u0131n para \u00e7ald\u0131\u011f\u0131 anlar g\u00fcvenlik kameras\u0131na yans\u0131d\u0131. H\u0131rs\u0131z ilk olarak bah\u015fi\u015f kutusunu al\u0131rken, ard\u0131ndan kasada b\u0131rak\u0131lan paralar\u0131 \u00e7ald\u0131. O anlar ise i\u015f yerinin g\u00fcvenlik kameras\u0131nca kaydedildi. Olay, sabah i\u015f yerine gelen \u00e7al\u0131\u015fanlar taraf\u0131ndan fark edildi. Didim \u0130l\u00e7e Emniyet M\u00fcd\u00fcrl\u00fc\u011f\u00fc ekipleri olayla ilgili \u00e7al\u0131\u015fma ba\u015flat\u0131rken, yap\u0131lan incelemede kasadan 3 bin lira para \u00e7al\u0131nd\u0131\u011f\u0131 tespit edildi. Emniyet g\u00fc\u00e7leri h\u0131rs\u0131z\u0131n yakalanmas\u0131 i\u00e7in \u00e7al\u0131\u015fma ba\u015flatt\u0131.<br \/><\/p>\n","protected":false},"excerpt":{"rendered":"<p>Ayd\u0131n\u2019\u0131n Didim il\u00e7esinde bir lokantaya giren ya\u015f\u0131 k\u00fc\u00e7\u00fck h\u0131rs\u0131z\u0131n, kasadan para \u00e7ald\u0131\u011f\u0131 anlar g\u00fcvenlik kameras\u0131na yans\u0131d\u0131. Edinilen bilgiye g\u00f6re, Yeni Mahalle\u2019de faaliyet g\u00f6steren bir lokantaya giren k\u00fc\u00e7\u00fck ya\u015flardaki h\u0131rs\u0131z\u0131n para \u00e7ald\u0131\u011f\u0131 anlar g\u00fcvenlik kameras\u0131na yans\u0131d\u0131. H\u0131rs\u0131z ilk olarak bah\u015fi\u015f kutusunu al\u0131rken, ard\u0131ndan kasada b\u0131rak\u0131lan paralar\u0131 \u00e7ald\u0131. O anlar ise i\u015f yerinin g\u00fcvenlik kameras\u0131nca kaydedildi. Olay,&#8230;<\/p>\n","protected":false},"author":1,"featured_media":13547,"comment_status":"open","ping_status":"open","sticky":false,"template":"","format":"standard","meta":{"_crdt_document":"","footnotes":""},"categories":[5],"tags":[],"class_list":["post-13546","post","type-post","status-publish","format-standard","has-post-thumbnail","hentry","category-asayis"],"_links":{"self":[{"href":"https:\/\/www.egemtv.com\/index.php?rest_route=\/wp\/v2\/posts\/13546","targetHints":{"allow":["GET"]}}],"collection":[{"href":"https:\/\/www.egemtv.com\/index.php?rest_route=\/wp\/v2\/posts"}],"about":[{"href":"https:\/\/www.egemtv.com\/index.php?rest_route=\/wp\/v2\/types\/post"}],"author":[{"embeddable":true,"href":"https:\/\/www.egemtv.com\/index.php?rest_route=\/wp\/v2\/users\/1"}],"replies":[{"embeddable":true,"href":"https:\/\/www.egemtv.com\/index.php?rest_route=%2Fwp%2Fv2%2Fcomments&post=13546"}],"version-history":[{"count":1,"href":"https:\/\/www.egemtv.com\/index.php?rest_route=\/wp\/v2\/posts\/13546\/revisions"}],"predecessor-version":[{"id":13548,"href":"https:\/\/www.egemtv.com\/index.php?rest_route=\/wp\/v2\/posts\/13546\/revisions\/13548"}],"wp:featuredmedia":[{"embeddable":true,"href":"https:\/\/www.egemtv.com\/index.php?rest_route=\/wp\/v2\/media\/13547"}],"wp:attachment":[{"href":"https:\/\/www.egemtv.com\/index.php?rest_route=%2Fwp%2Fv2%2Fmedia&parent=13546"}],"wp:term":[{"taxonomy":"category","embeddable":true,"href":"https:\/\/www.egemtv.com\/index.php?rest_route=%2Fwp%2Fv2%2Fcategories&post=13546"},{"taxonomy":"post_tag","embeddable":true,"href":"https:\/\/www.egemtv.com\/index.php?rest_route=%2Fwp%2Fv2%2Ftags&post=13546"}],"curies":[{"name":"wp","href":"https:\/\/api.w.org\/{rel}","templated":true}]}}