{"id":13543,"date":"2025-01-29T16:22:37","date_gmt":"2025-01-29T13:22:37","guid":{"rendered":"https:\/\/www.egemtv.com\/?p=13543"},"modified":"2025-01-29T16:22:40","modified_gmt":"2025-01-29T13:22:40","slug":"kataraktta-tedavi-ihmali-oldugunda-gorme-kaybina-kadar-gidebiliyor","status":"publish","type":"post","link":"https:\/\/www.egemtv.com\/?p=13543","title":{"rendered":"Kataraktta tedavi ihmali oldu\u011funda g\u00f6rme kayb\u0131na kadar gidebiliyor"},"content":{"rendered":"<p>Denizli Tavas Devlet Hastanesi G\u00f6z Hastal\u0131klar\u0131 Uzman\u0131 Op. Dr. Gizem K\u00fc\u00e7\u00fckalpelli, tek tedavi y\u00f6ntemi ameliyat olan katarakt hakk\u0131nda \u00f6nemli a\u00e7\u0131klamalarda bulundu. Katarakt tedavisinde ge\u00e7 kal\u0131nmas\u0131nda g\u00f6rme kayb\u0131 olu\u015fabilece\u011fini belirtirken ayn\u0131 zamanda Tavas Devlet Hastanesinde katarakt ameliyatlar\u0131n\u0131n ba\u015far\u0131l\u0131 bir \u015fekilde ger\u00e7ekle\u015ftirdiklerini dile getirdi.<\/p>\n<p>Katarakt\u0131n, ilerlemesi halinde g\u00fcnl\u00fck ya\u015fam aktivitelerinde \u00f6nemli \u00f6l\u00e7\u00fcde zorluklara neden olabilece\u011fini belirten G\u00f6z Hastal\u0131klar\u0131 Uzman\u0131 Op. Dr. Gizem K\u00fc\u00e7\u00fckalpelli, tedavi edilmedi\u011finde g\u00f6rme kayb\u0131na kadar giden durumlar ya\u015fanabilece\u011fine dikkati \u00e7ekti. Ayn\u0131 zamanda Denizli Tavas Devlet Hastanesinde katarakt ameliyatlar\u0131n\u0131n ba\u015far\u0131 ile ger\u00e7ekle\u015ftirdiklerini belirtti. Op. Dr. K\u00fc\u00e7\u00fckalpelli: \u201cKatarakt, g\u00f6zdeki do\u011fal merce\u011fin zamanla saydaml\u0131\u011f\u0131n\u0131 kaybedip bulan\u0131kla\u015fmas\u0131 sonucu g\u00f6rme kabiliyetinin bozulmas\u0131na neden olan bir hastal\u0131kt\u0131r. Genellikle ya\u015fla birlikte geli\u015fir ve ba\u015flang\u0131\u00e7ta g\u00f6r\u00fc\u015f bulan\u0131kl\u0131\u011f\u0131, renklerin solmas\u0131 ve gece g\u00f6r\u00fc\u015f\u00fc zorlu\u011fu gibi belirtilerle kendini g\u00f6sterir. Katarakt ilerledik\u00e7e, g\u00f6rme keskinli\u011fi azal\u0131r, \u0131\u015f\u0131\u011fa kar\u015f\u0131 duyarl\u0131l\u0131k artar ve bu durum g\u00fcnl\u00fck ya\u015famda ciddi zorluklara yol a\u00e7abilir\u201d diye konu\u015ftu.<\/p>\n<p>\u201cTavas Devlet Hastanemizde katarakt g\u00f6z ameliyatlar\u0131n\u0131 ger\u00e7ekle\u015ftiriyoruz\u201d<br \/>\n<br \/>Katarakt\u0131n tedavisinin yaln\u0131zca cerrahi yollarla m\u00fcmk\u00fcn oldu\u011funu belirten ve Denizli Tavas Devlet Hastanesinde ba\u015far\u0131l\u0131 katarakt ameliyatlar\u0131n\u0131 ger\u00e7ekle\u015ftirdiklerini vurgulayan Op. Dr. Gizem K\u00fc\u00e7\u00fckalpelli, \u201cKatarakt\u0131n tek tedavi y\u00f6ntemi cerrahidir. Ameliyat s\u0131ras\u0131nda bulan\u0131kla\u015fan mercek \u00e7\u0131kar\u0131l\u0131r ve yerine g\u00f6z\u00fcn ihtiyac\u0131na uygun bir yapay mercek yerle\u015ftirilir. Bu i\u015flem genellikle ba\u015far\u0131l\u0131 sonu\u00e7lar verir ve g\u00f6rme kalitesini yeniden kazand\u0131r\u0131r. Ameliyat \u00f6ncesinde, g\u00f6z\u00fcn durumu detayl\u0131 bir \u015fekilde incelenir, g\u00f6z i\u00e7i mercek i\u00e7in \u00f6l\u00e7\u00fcmler yap\u0131l\u0131r ve varsa di\u011fer g\u00f6z sorunlar\u0131 da dikkate al\u0131narak en uygun tedavi plan\u0131 belirlenir. Hastanemizde, katarakt tedavisi i\u00e7in gerekli \u00f6l\u00e7\u00fcmleri al\u0131p, ba\u015far\u0131l\u0131 \u015fekilde katarakt cerrahisi ger\u00e7ekle\u015ftirebilmekteyiz. Ayn\u0131 zamanda g\u00f6z kapa\u011f\u0131ndaki sarkman\u0131n cerrahi olarak d\u00fczeltilmesi, g\u00f6z ve \u00e7evresindeki dokulardan kitle eksizyonu, g\u00f6zya\u015f\u0131 kanallar\u0131n\u0131n tedavisi, g\u00f6zde et b\u00fcy\u00fcmesi cerrahisi ve g\u00f6z kapak kenar\u0131nda i\u00e7e entropion veya d\u0131\u015fa d\u00f6nmenin ektropion cerrahi tedavisini yapmaktay\u0131z. Katarakt\u0131 olan hastalar\u0131m\u0131z, yine g\u00f6z sa\u011fl\u0131\u011f\u0131 ile ilgili problem ya\u015fayan t\u00fcm vatanda\u015flar\u0131m\u0131z hastanemize ba\u015fvurarak tedavilerini olabilir ve g\u00f6rme rahats\u0131zl\u0131klar\u0131ndan kurtulabilirler\u201d dedi.<br \/><\/p>\n","protected":false},"excerpt":{"rendered":"<p>Denizli Tavas Devlet Hastanesi G\u00f6z Hastal\u0131klar\u0131 Uzman\u0131 Op. Dr. Gizem K\u00fc\u00e7\u00fckalpelli, tek tedavi y\u00f6ntemi ameliyat olan katarakt hakk\u0131nda \u00f6nemli a\u00e7\u0131klamalarda bulundu. Katarakt tedavisinde ge\u00e7 kal\u0131nmas\u0131nda g\u00f6rme kayb\u0131 olu\u015fabilece\u011fini belirtirken ayn\u0131 zamanda Tavas Devlet Hastanesinde katarakt ameliyatlar\u0131n\u0131n ba\u015far\u0131l\u0131 bir \u015fekilde ger\u00e7ekle\u015ftirdiklerini dile getirdi. Katarakt\u0131n, ilerlemesi halinde g\u00fcnl\u00fck ya\u015fam aktivitelerinde \u00f6nemli \u00f6l\u00e7\u00fcde zorluklara neden olabilece\u011fini belirten G\u00f6z&#8230;<\/p>\n","protected":false},"author":1,"featured_media":13544,"comment_status":"open","ping_status":"open","sticky":false,"template":"","format":"standard","meta":{"_crdt_document":"","footnotes":""},"categories":[2],"tags":[],"class_list":["post-13543","post","type-post","status-publish","format-standard","has-post-thumbnail","hentry","category-saglik"],"_links":{"self":[{"href":"https:\/\/www.egemtv.com\/index.php?rest_route=\/wp\/v2\/posts\/13543","targetHints":{"allow":["GET"]}}],"collection":[{"href":"https:\/\/www.egemtv.com\/index.php?rest_route=\/wp\/v2\/posts"}],"about":[{"href":"https:\/\/www.egemtv.com\/index.php?rest_route=\/wp\/v2\/types\/post"}],"author":[{"embeddable":true,"href":"https:\/\/www.egemtv.com\/index.php?rest_route=\/wp\/v2\/users\/1"}],"replies":[{"embeddable":true,"href":"https:\/\/www.egemtv.com\/index.php?rest_route=%2Fwp%2Fv2%2Fcomments&post=13543"}],"version-history":[{"count":1,"href":"https:\/\/www.egemtv.com\/index.php?rest_route=\/wp\/v2\/posts\/13543\/revisions"}],"predecessor-version":[{"id":13545,"href":"https:\/\/www.egemtv.com\/index.php?rest_route=\/wp\/v2\/posts\/13543\/revisions\/13545"}],"wp:featuredmedia":[{"embeddable":true,"href":"https:\/\/www.egemtv.com\/index.php?rest_route=\/wp\/v2\/media\/13544"}],"wp:attachment":[{"href":"https:\/\/www.egemtv.com\/index.php?rest_route=%2Fwp%2Fv2%2Fmedia&parent=13543"}],"wp:term":[{"taxonomy":"category","embeddable":true,"href":"https:\/\/www.egemtv.com\/index.php?rest_route=%2Fwp%2Fv2%2Fcategories&post=13543"},{"taxonomy":"post_tag","embeddable":true,"href":"https:\/\/www.egemtv.com\/index.php?rest_route=%2Fwp%2Fv2%2Ftags&post=13543"}],"curies":[{"name":"wp","href":"https:\/\/api.w.org\/{rel}","templated":true}]}}