{"id":13540,"date":"2025-01-29T16:22:35","date_gmt":"2025-01-29T13:22:35","guid":{"rendered":"https:\/\/www.egemtv.com\/?p=13540"},"modified":"2025-01-29T16:22:37","modified_gmt":"2025-01-29T13:22:37","slug":"usak-il-koordinasyon-kurulu-toplantisi-yapildi","status":"publish","type":"post","link":"https:\/\/www.egemtv.com\/?p=13540","title":{"rendered":"U\u015fak \u0130l Koordinasyon Kurulu Toplant\u0131s\u0131 yap\u0131ld\u0131"},"content":{"rendered":"<p>2025 Y\u0131l\u0131 Birinci \u0130l Koordinasyon Kurulu Toplant\u0131s\u0131 Vali Naci Akta\u015f Ba\u015fkanl\u0131\u011f\u0131nda ger\u00e7ekle\u015ftirildi.<br \/>\n<br \/>Yat\u0131r\u0131mc\u0131 kamu kurum ve kurulu\u015flar\u0131n\u0131n \u0130limizdeki projeleri hakk\u0131nda bilgi almak, kurumlar aras\u0131 koordinasyonu sa\u011flamak ve i\u015f birli\u011fini g\u00fc\u00e7lendirmek amac\u0131yla 2025 Y\u0131l\u0131 Birinci \u0130l Koordinasyon Kurulu toplant\u0131s\u0131 Vali Naci Akta\u015f ba\u015fkanl\u0131\u011f\u0131nda ger\u00e7ekle\u015ftirildi.<br \/>\n<br \/>\u00d6zmerkez \u0130l Genel Meclisi Toplant\u0131 Salonunda ger\u00e7ekle\u015ftirilen toplant\u0131da konu\u015fan Vali Naci Akta\u015f, 2024 y\u0131l\u0131 yat\u0131r\u0131mlar\u0131n\u0131 de\u011ferlendirdi.<br \/>\n<br \/>2024 Aral\u0131k ay\u0131 sonu itibariyle yat\u0131r\u0131mc\u0131 kurulu\u015flar\u0131n 336, il ve il\u00e7e belediyelerinin 46 adet olmak \u00fczere, toplam 382 projenin uygulanmak \u00fczere programlarda yer ald\u0131\u011f\u0131n\u0131 ifade eden Vali Akta\u015f, yat\u0131r\u0131mc\u0131 kurulu\u015flar\u0131n toplam proje tutar\u0131n\u0131n 13 milyar 340 milyon 581 bin TL, belediyelerin toplam proje tutar\u0131n\u0131n ise 352 milyon 827 bin TL oldu\u011funu kaydetti.<br \/>\n<br \/>2024 y\u0131l\u0131 4. d\u00f6nem sonu itibariyle, il genelinde yat\u0131r\u0131mlara, yat\u0131r\u0131mc\u0131 kurulu\u015flarca 2 milyar 4 milyon 525 bin TL, belediyelerce 273 milyon 43 bin TL olmak \u00fczere toplamda 2 milyar 277 milyon 569 bin TL tutar\u0131nda harcama ger\u00e7ekle\u015ftirildi\u011fini belirten Vali Akta\u015f, \u201cYat\u0131r\u0131mc\u0131 kurulu\u015flar\u0131m\u0131z\u0131n y\u00fcr\u00fctt\u00fckleri projeler toplam\u0131nda y\u00fczde 74 oran\u0131nda nakdi ger\u00e7ekle\u015fmeye kar\u015f\u0131l\u0131k y\u00fczde 80 fiziki ger\u00e7ekle\u015fme, belediyelerimizin y\u00fcr\u00fctt\u00fckleri projeler toplam\u0131nda ise y\u00fczde 74 oran\u0131nda nakdi ger\u00e7ekle\u015fmeye kar\u015f\u0131l\u0131k y\u00fczde 79 fiziki ger\u00e7ekle\u015fme sa\u011flanm\u0131\u015ft\u0131r.\u201d dedi.<br \/>\n<br \/>Ger\u00e7ekle\u015ftirilen yat\u0131r\u0131mlar\u0131n U\u015fak halk\u0131n\u0131n lay\u0131k oldu\u011fu en iyi hizmeti sunmak \u00fczere ger\u00e7ekle\u015ftirildi\u011fini ifade eden Vali Akta\u015f, \u0130limize tahsis edilen \u00f6denekleri hizmet ve yat\u0131r\u0131ma d\u00f6n\u00fc\u015ft\u00fcrmek \u00fczere, ba\u015f\u0131nda bulundu\u011fumuz kurum ve kurulu\u015flar\u0131n en iyi \u015fekilde g\u00f6revlerini yerine getirdiklerine olan inanc\u0131mla, i\u015f birli\u011fi ve koordinasyonumuzun U\u015fak ilimize hay\u0131rl\u0131 olmas\u0131n\u0131 diliyorum.\u201d dedi.<br \/>\n<br \/>Toplant\u0131, Vali Naci Akta\u015f\u2019\u0131n konu\u015fmas\u0131n\u0131n ard\u0131ndan yat\u0131r\u0131mlar\u0131n de\u011ferlendirilmesiyle sona erdi.<br \/><\/p>\n","protected":false},"excerpt":{"rendered":"<p>2025 Y\u0131l\u0131 Birinci \u0130l Koordinasyon Kurulu Toplant\u0131s\u0131 Vali Naci Akta\u015f Ba\u015fkanl\u0131\u011f\u0131nda ger\u00e7ekle\u015ftirildi. Yat\u0131r\u0131mc\u0131 kamu kurum ve kurulu\u015flar\u0131n\u0131n \u0130limizdeki projeleri hakk\u0131nda bilgi almak, kurumlar aras\u0131 koordinasyonu sa\u011flamak ve i\u015f birli\u011fini g\u00fc\u00e7lendirmek amac\u0131yla 2025 Y\u0131l\u0131 Birinci \u0130l Koordinasyon Kurulu toplant\u0131s\u0131 Vali Naci Akta\u015f ba\u015fkanl\u0131\u011f\u0131nda ger\u00e7ekle\u015ftirildi. \u00d6zmerkez \u0130l Genel Meclisi Toplant\u0131 Salonunda ger\u00e7ekle\u015ftirilen toplant\u0131da konu\u015fan Vali Naci Akta\u015f,&#8230;<\/p>\n","protected":false},"author":1,"featured_media":13541,"comment_status":"open","ping_status":"open","sticky":false,"template":"","format":"standard","meta":{"_crdt_document":"","footnotes":""},"categories":[125],"tags":[],"class_list":["post-13540","post","type-post","status-publish","format-standard","has-post-thumbnail","hentry","category-ekonomi"],"_links":{"self":[{"href":"https:\/\/www.egemtv.com\/index.php?rest_route=\/wp\/v2\/posts\/13540","targetHints":{"allow":["GET"]}}],"collection":[{"href":"https:\/\/www.egemtv.com\/index.php?rest_route=\/wp\/v2\/posts"}],"about":[{"href":"https:\/\/www.egemtv.com\/index.php?rest_route=\/wp\/v2\/types\/post"}],"author":[{"embeddable":true,"href":"https:\/\/www.egemtv.com\/index.php?rest_route=\/wp\/v2\/users\/1"}],"replies":[{"embeddable":true,"href":"https:\/\/www.egemtv.com\/index.php?rest_route=%2Fwp%2Fv2%2Fcomments&post=13540"}],"version-history":[{"count":1,"href":"https:\/\/www.egemtv.com\/index.php?rest_route=\/wp\/v2\/posts\/13540\/revisions"}],"predecessor-version":[{"id":13542,"href":"https:\/\/www.egemtv.com\/index.php?rest_route=\/wp\/v2\/posts\/13540\/revisions\/13542"}],"wp:featuredmedia":[{"embeddable":true,"href":"https:\/\/www.egemtv.com\/index.php?rest_route=\/wp\/v2\/media\/13541"}],"wp:attachment":[{"href":"https:\/\/www.egemtv.com\/index.php?rest_route=%2Fwp%2Fv2%2Fmedia&parent=13540"}],"wp:term":[{"taxonomy":"category","embeddable":true,"href":"https:\/\/www.egemtv.com\/index.php?rest_route=%2Fwp%2Fv2%2Fcategories&post=13540"},{"taxonomy":"post_tag","embeddable":true,"href":"https:\/\/www.egemtv.com\/index.php?rest_route=%2Fwp%2Fv2%2Ftags&post=13540"}],"curies":[{"name":"wp","href":"https:\/\/api.w.org\/{rel}","templated":true}]}}