{"id":13537,"date":"2025-01-29T16:19:02","date_gmt":"2025-01-29T13:19:02","guid":{"rendered":"https:\/\/www.egemtv.com\/?p=13537"},"modified":"2025-01-29T16:19:04","modified_gmt":"2025-01-29T13:19:04","slug":"kutahya-dumlupinar-universitesi-rektoru-sanatcilarla-bulustu","status":"publish","type":"post","link":"https:\/\/www.egemtv.com\/?p=13537","title":{"rendered":"K\u00fctahya Dumlup\u0131nar \u00dcniversitesi Rekt\u00f6r\u00fc sanat\u00e7\u0131larla bulu\u015ftu"},"content":{"rendered":"<p>K\u00fctahya Dumlup\u0131nar \u00dcniversitesi (DP\u00dc) Rekt\u00f6r\u00fc Prof. Dr. S\u00fcleyman K\u0131z\u0131ltoprak ve e\u015fi Amine Tu\u011f K\u0131z\u0131ltoprak, K\u00fctahya Belediyesi Kent Konseyi K\u00fclt\u00fcr ve Sanat Merkezi\u2019ni ziyaret etti. Sanata ve sanat\u00e7\u0131lara verdi\u011fi destekle bilinen Rekt\u00f6r K\u0131z\u0131ltoprak\u2019\u0131n ziyareti, merkezde bulunan sanat\u00e7\u0131lar taraf\u0131ndan b\u00fcy\u00fck memnuniyetle kar\u015f\u0131land\u0131.<br \/>\n<br \/>Ziyaret kapsam\u0131nda sanat\u00e7\u0131larla bir araya gelen Prof. Dr. S\u00fcleyman K\u0131z\u0131ltoprak, sanatsal \u00e7al\u0131\u015fmalar hakk\u0131nda bilgi ald\u0131 ve sanat\u0131n toplum i\u00e7in \u00f6nemine vurgu yapt\u0131. Sanat\u00e7\u0131lar, her zaman yanlar\u0131nda olan ve desteklerini esirgemeyen Rekt\u00f6r K\u0131z\u0131ltoprak\u2019a te\u015fekk\u00fcr etti.<br \/>\n<br \/>K\u00fctahya Belediyesi Kent Konseyi K\u00fclt\u00fcr ve Sanat Merkezi Ba\u015fkan\u0131 Ressam Sebahat Sar\u0131o\u011flu, bu verimli bulu\u015fma i\u00e7in duydu\u011fu memnuniyeti dile getirerek, \u201cSanata ve sanat\u00e7\u0131ya de\u011fer veren Rekt\u00f6r\u00fcm\u00fcz ve e\u015fine te\u015fekk\u00fcr ederiz. Destekleri bizim i\u00e7in \u00e7ok k\u0131ymetli\u201d dedi.<br \/>\n<br \/>Ziyarette sanat\u00e7\u0131lar Aynur Kinkav, Ey\u00fcp I\u015fal, Esat An\u0131k, Metin Tunca, Tevfik Solmaz, Ali Kaya, Ay\u015fe Ay\u015fe, \u00d6zlem Zeyrek \u00d6z\u00e7ay, Halime Tutu\u015f, Seval Gedik Beyd\u00fcz, Akif \u00d6ren, \u0130sa Kahraman, \u0130sa Han, Seyhan Ekizta\u015f, Fatma Pat, Ertu\u011frul \u00c7ay, Mehmet Y\u0131lmaz, Halil G\u00f6kku\u015f, Hakime G\u00fclsoy, O\u011fuz T\u00fcrker, Yusuf Ziya Beyd\u00fcz, Selime Pehlivan, Selda \u00dcnveren ve M\u00fccahit Din\u00e7 yer ald\u0131.<br \/>\n<br \/>Sanat\u00e7\u0131lar, K\u00fctahya\u2019da sanata verilen de\u011ferin artarak devam etmesini temenni ettiklerini belirterek, bu t\u00fcr ziyaretlerin kendileri i\u00e7in ilham verici oldu\u011funu ifade etti.<br \/><\/p>\n","protected":false},"excerpt":{"rendered":"<p>K\u00fctahya Dumlup\u0131nar \u00dcniversitesi (DP\u00dc) Rekt\u00f6r\u00fc Prof. Dr. S\u00fcleyman K\u0131z\u0131ltoprak ve e\u015fi Amine Tu\u011f K\u0131z\u0131ltoprak, K\u00fctahya Belediyesi Kent Konseyi K\u00fclt\u00fcr ve Sanat Merkezi\u2019ni ziyaret etti. Sanata ve sanat\u00e7\u0131lara verdi\u011fi destekle bilinen Rekt\u00f6r K\u0131z\u0131ltoprak\u2019\u0131n ziyareti, merkezde bulunan sanat\u00e7\u0131lar taraf\u0131ndan b\u00fcy\u00fck memnuniyetle kar\u015f\u0131land\u0131. Ziyaret kapsam\u0131nda sanat\u00e7\u0131larla bir araya gelen Prof. Dr. S\u00fcleyman K\u0131z\u0131ltoprak, sanatsal \u00e7al\u0131\u015fmalar hakk\u0131nda bilgi ald\u0131&#8230;<\/p>\n","protected":false},"author":1,"featured_media":13538,"comment_status":"open","ping_status":"open","sticky":false,"template":"","format":"standard","meta":{"_crdt_document":"","footnotes":""},"categories":[1],"tags":[],"class_list":["post-13537","post","type-post","status-publish","format-standard","has-post-thumbnail","hentry","category-guncel"],"_links":{"self":[{"href":"https:\/\/www.egemtv.com\/index.php?rest_route=\/wp\/v2\/posts\/13537","targetHints":{"allow":["GET"]}}],"collection":[{"href":"https:\/\/www.egemtv.com\/index.php?rest_route=\/wp\/v2\/posts"}],"about":[{"href":"https:\/\/www.egemtv.com\/index.php?rest_route=\/wp\/v2\/types\/post"}],"author":[{"embeddable":true,"href":"https:\/\/www.egemtv.com\/index.php?rest_route=\/wp\/v2\/users\/1"}],"replies":[{"embeddable":true,"href":"https:\/\/www.egemtv.com\/index.php?rest_route=%2Fwp%2Fv2%2Fcomments&post=13537"}],"version-history":[{"count":1,"href":"https:\/\/www.egemtv.com\/index.php?rest_route=\/wp\/v2\/posts\/13537\/revisions"}],"predecessor-version":[{"id":13539,"href":"https:\/\/www.egemtv.com\/index.php?rest_route=\/wp\/v2\/posts\/13537\/revisions\/13539"}],"wp:featuredmedia":[{"embeddable":true,"href":"https:\/\/www.egemtv.com\/index.php?rest_route=\/wp\/v2\/media\/13538"}],"wp:attachment":[{"href":"https:\/\/www.egemtv.com\/index.php?rest_route=%2Fwp%2Fv2%2Fmedia&parent=13537"}],"wp:term":[{"taxonomy":"category","embeddable":true,"href":"https:\/\/www.egemtv.com\/index.php?rest_route=%2Fwp%2Fv2%2Fcategories&post=13537"},{"taxonomy":"post_tag","embeddable":true,"href":"https:\/\/www.egemtv.com\/index.php?rest_route=%2Fwp%2Fv2%2Ftags&post=13537"}],"curies":[{"name":"wp","href":"https:\/\/api.w.org\/{rel}","templated":true}]}}