{"id":13519,"date":"2025-01-29T15:39:56","date_gmt":"2025-01-29T12:39:56","guid":{"rendered":"https:\/\/www.egemtv.com\/?p=13519"},"modified":"2025-01-29T15:39:59","modified_gmt":"2025-01-29T12:39:59","slug":"feto-firarisini-polis-yakaladi","status":"publish","type":"post","link":"https:\/\/www.egemtv.com\/?p=13519","title":{"rendered":"FET\u00d6 firarisini polis yakalad\u0131"},"content":{"rendered":"<p>Afyonkarahisar\u2019da Fetullah\u00e7\u0131 Ter\u00f6r \u00d6rg\u00fct\u00fc\u2019n\u00fcn (FET\u00d6) s\u00f6zde emniyet yap\u0131lanmas\u0131nda yer alan ve 6 y\u0131l 3 ay hapis cezas\u0131yla aranan \u015fah\u0131s polis taraf\u0131ndan yakaland\u0131.<br \/>\n<br \/>Edinilen bilgilere g\u00f6re, FET\u00d6\u2019ye \u00fcye olma su\u00e7undan 2017 y\u0131l\u0131nda Konya Cumhuriyet Ba\u015fsavc\u0131l\u0131\u011f\u0131 taraf\u0131ndan hakk\u0131nda i\u015flem yap\u0131lan ve FET\u00d6\u2019n\u00fcn s\u00f6zde emniyet yap\u0131lanmas\u0131nda yer alan E.K.\u2019nin yakalanmas\u0131 i\u00e7in \u00e7al\u0131\u015fma ba\u015flat\u0131ld\u0131. Polis ekipleri ayn\u0131 zamanda KHK ile ihra\u00e7 olan ve 6 y\u0131l 3 ay hapis cezas\u0131yla aranan \u015fahs\u0131 kent merkezinde yakalayarak g\u00f6zalt\u0131na ald\u0131. \u015eah\u0131s i\u015flemleri sonras\u0131 sevk edildi\u011fi mahkeme taraf\u0131ndan tutuklanarak cezaevine g\u00f6nderildi.<br \/><\/p>\n","protected":false},"excerpt":{"rendered":"<p>Afyonkarahisar\u2019da Fetullah\u00e7\u0131 Ter\u00f6r \u00d6rg\u00fct\u00fc\u2019n\u00fcn (FET\u00d6) s\u00f6zde emniyet yap\u0131lanmas\u0131nda yer alan ve 6 y\u0131l 3 ay hapis cezas\u0131yla aranan \u015fah\u0131s polis taraf\u0131ndan yakaland\u0131. Edinilen bilgilere g\u00f6re, FET\u00d6\u2019ye \u00fcye olma su\u00e7undan 2017 y\u0131l\u0131nda Konya Cumhuriyet Ba\u015fsavc\u0131l\u0131\u011f\u0131 taraf\u0131ndan hakk\u0131nda i\u015flem yap\u0131lan ve FET\u00d6\u2019n\u00fcn s\u00f6zde emniyet yap\u0131lanmas\u0131nda yer alan E.K.\u2019nin yakalanmas\u0131 i\u00e7in \u00e7al\u0131\u015fma ba\u015flat\u0131ld\u0131. Polis ekipleri ayn\u0131 zamanda KHK&#8230;<\/p>\n","protected":false},"author":1,"featured_media":13520,"comment_status":"open","ping_status":"open","sticky":false,"template":"","format":"standard","meta":{"_crdt_document":"","footnotes":""},"categories":[5],"tags":[],"class_list":["post-13519","post","type-post","status-publish","format-standard","has-post-thumbnail","hentry","category-asayis"],"_links":{"self":[{"href":"https:\/\/www.egemtv.com\/index.php?rest_route=\/wp\/v2\/posts\/13519","targetHints":{"allow":["GET"]}}],"collection":[{"href":"https:\/\/www.egemtv.com\/index.php?rest_route=\/wp\/v2\/posts"}],"about":[{"href":"https:\/\/www.egemtv.com\/index.php?rest_route=\/wp\/v2\/types\/post"}],"author":[{"embeddable":true,"href":"https:\/\/www.egemtv.com\/index.php?rest_route=\/wp\/v2\/users\/1"}],"replies":[{"embeddable":true,"href":"https:\/\/www.egemtv.com\/index.php?rest_route=%2Fwp%2Fv2%2Fcomments&post=13519"}],"version-history":[{"count":1,"href":"https:\/\/www.egemtv.com\/index.php?rest_route=\/wp\/v2\/posts\/13519\/revisions"}],"predecessor-version":[{"id":13521,"href":"https:\/\/www.egemtv.com\/index.php?rest_route=\/wp\/v2\/posts\/13519\/revisions\/13521"}],"wp:featuredmedia":[{"embeddable":true,"href":"https:\/\/www.egemtv.com\/index.php?rest_route=\/wp\/v2\/media\/13520"}],"wp:attachment":[{"href":"https:\/\/www.egemtv.com\/index.php?rest_route=%2Fwp%2Fv2%2Fmedia&parent=13519"}],"wp:term":[{"taxonomy":"category","embeddable":true,"href":"https:\/\/www.egemtv.com\/index.php?rest_route=%2Fwp%2Fv2%2Fcategories&post=13519"},{"taxonomy":"post_tag","embeddable":true,"href":"https:\/\/www.egemtv.com\/index.php?rest_route=%2Fwp%2Fv2%2Ftags&post=13519"}],"curies":[{"name":"wp","href":"https:\/\/api.w.org\/{rel}","templated":true}]}}