{"id":13516,"date":"2025-01-29T15:34:12","date_gmt":"2025-01-29T12:34:12","guid":{"rendered":"https:\/\/www.egemtv.com\/?p=13516"},"modified":"2025-01-29T15:34:16","modified_gmt":"2025-01-29T12:34:16","slug":"ispartada-usulsuz-ve-ruhsatsiz-ordek-avi-yapan-bir-sahis-yakalandi","status":"publish","type":"post","link":"https:\/\/www.egemtv.com\/?p=13516","title":{"rendered":"Isparta\u2019da usuls\u00fcz ve ruhsats\u0131z \u00f6rdek av\u0131 yapan bir \u015fah\u0131s yakaland\u0131"},"content":{"rendered":"<p>Isparta Kovada G\u00f6l\u00fc Milli Park\u0131\u2019nda yap\u0131lan denetimlerde usuls\u00fcz ve ruhsats\u0131z \u00f6rdek av\u0131 yapan bir ki\u015fiye idari para cezas\u0131 ve tazminat uygulan\u0131rken, avda kullan\u0131lan ses d\u00fczene\u011fine el konuldu.<br \/>\n<br \/>Isparta\u2019da bulunan Kovada G\u00f6l\u00fc Milli Park\u0131 sorumluluk sahas\u0131nda yap\u0131lan denetimlerde usuls\u00fcz ve ruhsats\u0131z avc\u0131l\u0131k yapan bir \u015fah\u0131s yakaland\u0131. 4915 Say\u0131l\u0131 Kara Avc\u0131l\u0131\u011f\u0131 Kanunu kapsam\u0131nda i\u015flem yap\u0131lan \u015fahsa idari para cezas\u0131 ve tazminat uygulan\u0131rken, av s\u0131ras\u0131nda kullan\u0131lan ses d\u00fczene\u011fine de el konuldu. Do\u011fa Koruma ve Milli Parklar yetkilileri, b\u00f6lgedeki denetimlerin aral\u0131ks\u0131z s\u00fcrece\u011fini belirterek, yasad\u0131\u015f\u0131 avc\u0131l\u0131kla m\u00fccadelede s\u0131f\u0131r tolerans ilkesiyle hareket ettiklerini vurgulad\u0131.<br \/><\/p>\n","protected":false},"excerpt":{"rendered":"<p>Isparta Kovada G\u00f6l\u00fc Milli Park\u0131\u2019nda yap\u0131lan denetimlerde usuls\u00fcz ve ruhsats\u0131z \u00f6rdek av\u0131 yapan bir ki\u015fiye idari para cezas\u0131 ve tazminat uygulan\u0131rken, avda kullan\u0131lan ses d\u00fczene\u011fine el konuldu. Isparta\u2019da bulunan Kovada G\u00f6l\u00fc Milli Park\u0131 sorumluluk sahas\u0131nda yap\u0131lan denetimlerde usuls\u00fcz ve ruhsats\u0131z avc\u0131l\u0131k yapan bir \u015fah\u0131s yakaland\u0131. 4915 Say\u0131l\u0131 Kara Avc\u0131l\u0131\u011f\u0131 Kanunu kapsam\u0131nda i\u015flem yap\u0131lan \u015fahsa idari&#8230;<\/p>\n","protected":false},"author":1,"featured_media":13517,"comment_status":"open","ping_status":"open","sticky":false,"template":"","format":"standard","meta":{"_crdt_document":"","footnotes":""},"categories":[1],"tags":[],"class_list":["post-13516","post","type-post","status-publish","format-standard","has-post-thumbnail","hentry","category-guncel"],"_links":{"self":[{"href":"https:\/\/www.egemtv.com\/index.php?rest_route=\/wp\/v2\/posts\/13516","targetHints":{"allow":["GET"]}}],"collection":[{"href":"https:\/\/www.egemtv.com\/index.php?rest_route=\/wp\/v2\/posts"}],"about":[{"href":"https:\/\/www.egemtv.com\/index.php?rest_route=\/wp\/v2\/types\/post"}],"author":[{"embeddable":true,"href":"https:\/\/www.egemtv.com\/index.php?rest_route=\/wp\/v2\/users\/1"}],"replies":[{"embeddable":true,"href":"https:\/\/www.egemtv.com\/index.php?rest_route=%2Fwp%2Fv2%2Fcomments&post=13516"}],"version-history":[{"count":1,"href":"https:\/\/www.egemtv.com\/index.php?rest_route=\/wp\/v2\/posts\/13516\/revisions"}],"predecessor-version":[{"id":13518,"href":"https:\/\/www.egemtv.com\/index.php?rest_route=\/wp\/v2\/posts\/13516\/revisions\/13518"}],"wp:featuredmedia":[{"embeddable":true,"href":"https:\/\/www.egemtv.com\/index.php?rest_route=\/wp\/v2\/media\/13517"}],"wp:attachment":[{"href":"https:\/\/www.egemtv.com\/index.php?rest_route=%2Fwp%2Fv2%2Fmedia&parent=13516"}],"wp:term":[{"taxonomy":"category","embeddable":true,"href":"https:\/\/www.egemtv.com\/index.php?rest_route=%2Fwp%2Fv2%2Fcategories&post=13516"},{"taxonomy":"post_tag","embeddable":true,"href":"https:\/\/www.egemtv.com\/index.php?rest_route=%2Fwp%2Fv2%2Ftags&post=13516"}],"curies":[{"name":"wp","href":"https:\/\/api.w.org\/{rel}","templated":true}]}}