{"id":13510,"date":"2025-01-29T15:13:29","date_gmt":"2025-01-29T12:13:29","guid":{"rendered":"https:\/\/www.egemtv.com\/?p=13510"},"modified":"2025-01-29T15:13:32","modified_gmt":"2025-01-29T12:13:32","slug":"kusadasinda-tum-mahallelere-esit-ve-kaliteli-hizmet-gidiyor","status":"publish","type":"post","link":"https:\/\/www.egemtv.com\/?p=13510","title":{"rendered":"Ku\u015fadas\u0131\u2019nda t\u00fcm mahallelere e\u015fit ve kaliteli hizmet gidiyor"},"content":{"rendered":"<p>Kentin t\u00fcm b\u00f6lgelerine e\u015fit ve kaliteli hizmet g\u00f6t\u00fcrmek i\u00e7in \u00e7al\u0131\u015fmalar\u0131n\u0131 s\u00fcrd\u00fcren Ku\u015fadas\u0131 Belediyesi, mahallelerde temizlik ve hizmet seferberli\u011fi ba\u015flatt\u0131. Ku\u015fadas\u0131 Belediyesi\u2019ne ba\u011fl\u0131 yakla\u015f\u0131k 50 ki\u015filik ekiple So\u011fucak Mahallesi\u2019nden ba\u015flayan \u00e7al\u0131\u015fmalar kapsam\u0131nda y\u00fcr\u00fct\u00fclen detayl\u0131 temizlik, a\u011fa\u00e7 budama, ot bi\u00e7me ve yol tamirat faaliyetleri belirlenen program do\u011frultusunda t\u00fcm mahallelerde s\u00fcrecek.<\/p>\n<p>T\u00fcrkiye\u2019nin turizm ba\u015fkenti Ku\u015fadas\u0131\u2019n\u0131 t\u00fcm mahalle, cadde, sokak ve meydanlar\u0131 ile alt ve \u00fcst yap\u0131 sorunlar\u0131 b\u00fct\u00fcn\u00fcyle \u00e7\u00f6z\u00fclm\u00fc\u015f modern bir kent haline getirmek i\u00e7in gece g\u00fcnd\u00fcz \u00e7al\u0131\u015fan Ku\u015fadas\u0131 Belediyesi\u2019nin saha ekipleri, Ba\u015fkan \u00d6mer G\u00fcnel\u2019in talimat\u0131 ile y\u00fcr\u00fct\u00fclen temizlik ve hizmet seferberli\u011fine So\u011fucak Mahallesi ile ba\u015flad\u0131. Fen \u0130\u015fleri M\u00fcd\u00fcrl\u00fc\u011f\u00fc, Park ve Bah\u00e7eler M\u00fcd\u00fcrl\u00fc\u011f\u00fc ile Temizlik \u0130\u015fleri M\u00fcd\u00fcrl\u00fc\u011f\u00fcne ba\u011fl\u0131 yakla\u015f\u0131k 50 ki\u015filik ekip taraf\u0131ndan sabah saatlerinde ba\u015flayan ve g\u00fcn boyu s\u00fcrd\u00fcr\u00fclen \u00e7al\u0131\u015fmalar ile So\u011fucak Mahallesi p\u0131r\u0131l p\u0131r\u0131l oldu.<\/p>\n<p>\u00c7al\u0131\u015fmalar kapsam\u0131nda So\u011fucak Mahallesi\u2019nin cadde, sokak, park ve meydanlar\u0131 s\u00fcp\u00fcr\u00fcl\u00fcp y\u0131kan\u0131rken, \u00e7\u00f6p konteynerleri ve sepetleri de dezenfekte edildi. Yol kenarlar\u0131nda bulunan yabani otlar\u0131n bi\u00e7ilerek a\u011fa\u00e7lar\u0131n da budand\u0131\u011f\u0131 \u00e7al\u0131\u015fma, Fen \u0130\u015fleri ekiplerinin yol ve kald\u0131r\u0131mlarda meydana gelen bozulmalar\u0131 gidermesi ile s\u00fcrd\u00fc. So\u011fucak Mahallesi ile ba\u015flayan temizlik ve hizmet seferberli\u011fi, Ku\u015fadas\u0131\u2019n\u0131n 23 mahallesinde y\u00fcr\u00fct\u00fclecek ve belirli aral\u0131klarla devam edecek.<br \/><\/p>\n","protected":false},"excerpt":{"rendered":"<p>Kentin t\u00fcm b\u00f6lgelerine e\u015fit ve kaliteli hizmet g\u00f6t\u00fcrmek i\u00e7in \u00e7al\u0131\u015fmalar\u0131n\u0131 s\u00fcrd\u00fcren Ku\u015fadas\u0131 Belediyesi, mahallelerde temizlik ve hizmet seferberli\u011fi ba\u015flatt\u0131. Ku\u015fadas\u0131 Belediyesi\u2019ne ba\u011fl\u0131 yakla\u015f\u0131k 50 ki\u015filik ekiple So\u011fucak Mahallesi\u2019nden ba\u015flayan \u00e7al\u0131\u015fmalar kapsam\u0131nda y\u00fcr\u00fct\u00fclen detayl\u0131 temizlik, a\u011fa\u00e7 budama, ot bi\u00e7me ve yol tamirat faaliyetleri belirlenen program do\u011frultusunda t\u00fcm mahallelerde s\u00fcrecek. T\u00fcrkiye\u2019nin turizm ba\u015fkenti Ku\u015fadas\u0131\u2019n\u0131 t\u00fcm mahalle, cadde,&#8230;<\/p>\n","protected":false},"author":1,"featured_media":13511,"comment_status":"open","ping_status":"open","sticky":false,"template":"","format":"standard","meta":{"_crdt_document":"","footnotes":""},"categories":[1],"tags":[],"class_list":["post-13510","post","type-post","status-publish","format-standard","has-post-thumbnail","hentry","category-guncel"],"_links":{"self":[{"href":"https:\/\/www.egemtv.com\/index.php?rest_route=\/wp\/v2\/posts\/13510","targetHints":{"allow":["GET"]}}],"collection":[{"href":"https:\/\/www.egemtv.com\/index.php?rest_route=\/wp\/v2\/posts"}],"about":[{"href":"https:\/\/www.egemtv.com\/index.php?rest_route=\/wp\/v2\/types\/post"}],"author":[{"embeddable":true,"href":"https:\/\/www.egemtv.com\/index.php?rest_route=\/wp\/v2\/users\/1"}],"replies":[{"embeddable":true,"href":"https:\/\/www.egemtv.com\/index.php?rest_route=%2Fwp%2Fv2%2Fcomments&post=13510"}],"version-history":[{"count":1,"href":"https:\/\/www.egemtv.com\/index.php?rest_route=\/wp\/v2\/posts\/13510\/revisions"}],"predecessor-version":[{"id":13512,"href":"https:\/\/www.egemtv.com\/index.php?rest_route=\/wp\/v2\/posts\/13510\/revisions\/13512"}],"wp:featuredmedia":[{"embeddable":true,"href":"https:\/\/www.egemtv.com\/index.php?rest_route=\/wp\/v2\/media\/13511"}],"wp:attachment":[{"href":"https:\/\/www.egemtv.com\/index.php?rest_route=%2Fwp%2Fv2%2Fmedia&parent=13510"}],"wp:term":[{"taxonomy":"category","embeddable":true,"href":"https:\/\/www.egemtv.com\/index.php?rest_route=%2Fwp%2Fv2%2Fcategories&post=13510"},{"taxonomy":"post_tag","embeddable":true,"href":"https:\/\/www.egemtv.com\/index.php?rest_route=%2Fwp%2Fv2%2Ftags&post=13510"}],"curies":[{"name":"wp","href":"https:\/\/api.w.org\/{rel}","templated":true}]}}