{"id":13450,"date":"2025-01-29T13:13:42","date_gmt":"2025-01-29T10:13:42","guid":{"rendered":"https:\/\/www.egemtv.com\/?p=13450"},"modified":"2025-01-29T13:13:44","modified_gmt":"2025-01-29T10:13:44","slug":"dis-taslarina-dikkat-enfeksiyona-neden-olabilir","status":"publish","type":"post","link":"https:\/\/www.egemtv.com\/?p=13450","title":{"rendered":"Di\u015f ta\u015flar\u0131na dikkat, enfeksiyona neden olabilir"},"content":{"rendered":"<p>Di\u015f ta\u015flar\u0131n\u0131n temizlenmemesinin enfeksiyona neden olabilece\u011fini belirten \u00d6zel CNG Di\u015f Klini\u011fi hekimlerinden Dt. O\u011fuz Selim Yard\u0131mc\u0131, &#8220;Di\u015f ta\u015flar\u0131n\u0131n temizlenmemesi halinde ileri derecede hastalarda kemik y\u0131k\u0131mlar\u0131na sebep olabilir&#8221; dedi.<br \/>\n<br \/>Bakterilerin plaklar halinde ta\u015fla\u015fmas\u0131 neticesinde olu\u015fan di\u015f ta\u015flar\u0131 hastalar\u0131 hem fonksiyonel hem de estetik olarak etkiliyor. Di\u015f ta\u015flar\u0131n\u0131n temizlenmesinin ileride ortaya \u00e7\u0131kabilecek ileri derece hastal\u0131klar\u0131 \u00f6nledi\u011fini ifade eden \u00d6zel CNG Di\u015f Klini\u011fi hekimlerinden Dt. O\u011fuz Selim Yard\u0131mc\u0131, sert f\u0131r\u00e7alama ve k\u00fcrdan kullan\u0131m\u0131n\u0131n \u00e7o\u011fu zaman g\u00f6z ard\u0131 edildi\u011fini, di\u015f ta\u015flar\u0131 di\u015f eti \u00e7ekilmeleri durumunda olu\u015fan cepleri daha da derinle\u015ftirdi\u011fini belirterek bu durumda k\u00f6k y\u00fczeyinin de temizlenmesi gerekti\u011fini kaydetti. Di\u015f ta\u015f\u0131 temizli\u011finin yararl\u0131 olaca\u011f\u0131n\u0131 belirten Yard\u0131mc\u0131, &#8220;6 ayda bir di\u015f ta\u015f\u0131 kontrol\u00fc yap\u0131lmas\u0131 gerekir&#8221; dedi.<br \/>\n<br \/>&#8220;Abart\u0131l\u0131 olursa mikro \u00e7atlaklar olu\u015fabilir&#8221;<br \/>\n<br \/>Di\u015f ta\u015f\u0131 temizli\u011fi s\u0131ras\u0131nda hastalar\u0131n iste\u011fine ba\u011fl\u0131 olarak bazen abart\u0131l\u0131 durumlar\u0131n ortaya \u00e7\u0131kt\u0131\u011f\u0131n\u0131, bu durumda da di\u015fte mikro \u00e7atlaklar\u0131n olu\u015fabildi\u011fini s\u00f6yleyen Dt. O\u011fuz Selim Yard\u0131mc\u0131, &#8220;Hastalar\u0131n baz\u0131lar\u0131 di\u015f hekimlerimizi zorlayarak di\u015f y\u00fczeyindeki ufak lekelerin dahi temizlenerek ortadan kald\u0131r\u0131lmas\u0131n\u0131 istiyorlar ve maalesef istenmeyen durumlar ortaya \u00e7\u0131k\u0131yor. Di\u015fte mikro \u00e7atlaklar olu\u015fturabiliyor. Bu \u00e7atlaklar da daha h\u0131zl\u0131 emilime sahip oldu\u011fu i\u00e7in di\u015fler daha \u00e7abuk sarar\u0131yor. Bu nedenle di\u015f ta\u015f\u0131 temizli\u011finde abart\u0131l\u0131 isteklerden ka\u00e7\u0131n\u0131lmal\u0131d\u0131r&#8221; diye konu\u015ftu.<br \/>\n<br \/>&#8220;Uzun vadede enfeksiyon ve di\u015f kayb\u0131na yol a\u00e7abilir&#8221;<br \/>\n<br \/>Yemek art\u0131klar\u0131 ve bakterilerin di\u015f ta\u015f\u0131 olu\u015fumuna neden oldu\u011funu belirten Dt. O\u011fuz Selim Yard\u0131mc\u0131, &#8220;Her g\u00fcn yedi\u011fimiz yemeklerin a\u011fz\u0131m\u0131zda b\u0131rakt\u0131\u011f\u0131 art\u0131klar ve bakteriler zamanla di\u015f ta\u015f\u0131 olu\u015fturmaktad\u0131r. Di\u015f ta\u015flar\u0131 kronikle\u015firse di\u015f etinde enfeksiyon olu\u015fumu ba\u015flar. Bu enfeksiyon daha da ileri giderek di\u015f k\u00f6k\u00fcne kadar inerse di\u015f kay\u0131plar\u0131na kadar gidebilir. Bu t\u00fcr istenmeyen bir durumla kar\u015f\u0131la\u015fmamak ad\u0131na di\u015f ta\u015f\u0131 tedavisinde erken te\u015fhis ve tedavi olduk\u00e7a \u00f6nem ta\u015f\u0131maktad\u0131r. Di\u015f eti tedavisi sonras\u0131nda di\u015f hassasiyeti ve di\u015f eti kanamalar\u0131 ile kar\u015f\u0131la\u015f\u0131labilir. Di\u015f eti kanamalar\u0131 di\u015f f\u0131r\u00e7aland\u0131k\u00e7a h\u0131zl\u0131 bir \u015fekilde 4-5 g\u00fcn i\u00e7erisinde, di\u015f hassasiyeti de ortalama 15-20 g\u00fcn i\u00e7erisinde kendili\u011finden ge\u00e7er&#8221; ifadelerini kulland\u0131.<br \/><\/p>\n","protected":false},"excerpt":{"rendered":"<p>Di\u015f ta\u015flar\u0131n\u0131n temizlenmemesinin enfeksiyona neden olabilece\u011fini belirten \u00d6zel CNG Di\u015f Klini\u011fi hekimlerinden Dt. O\u011fuz Selim Yard\u0131mc\u0131, &#8220;Di\u015f ta\u015flar\u0131n\u0131n temizlenmemesi halinde ileri derecede hastalarda kemik y\u0131k\u0131mlar\u0131na sebep olabilir&#8221; dedi. Bakterilerin plaklar halinde ta\u015fla\u015fmas\u0131 neticesinde olu\u015fan di\u015f ta\u015flar\u0131 hastalar\u0131 hem fonksiyonel hem de estetik olarak etkiliyor. Di\u015f ta\u015flar\u0131n\u0131n temizlenmesinin ileride ortaya \u00e7\u0131kabilecek ileri derece hastal\u0131klar\u0131 \u00f6nledi\u011fini ifade&#8230;<\/p>\n","protected":false},"author":1,"featured_media":13451,"comment_status":"open","ping_status":"open","sticky":false,"template":"","format":"standard","meta":{"_crdt_document":"","footnotes":""},"categories":[2],"tags":[],"class_list":["post-13450","post","type-post","status-publish","format-standard","has-post-thumbnail","hentry","category-saglik"],"_links":{"self":[{"href":"https:\/\/www.egemtv.com\/index.php?rest_route=\/wp\/v2\/posts\/13450","targetHints":{"allow":["GET"]}}],"collection":[{"href":"https:\/\/www.egemtv.com\/index.php?rest_route=\/wp\/v2\/posts"}],"about":[{"href":"https:\/\/www.egemtv.com\/index.php?rest_route=\/wp\/v2\/types\/post"}],"author":[{"embeddable":true,"href":"https:\/\/www.egemtv.com\/index.php?rest_route=\/wp\/v2\/users\/1"}],"replies":[{"embeddable":true,"href":"https:\/\/www.egemtv.com\/index.php?rest_route=%2Fwp%2Fv2%2Fcomments&post=13450"}],"version-history":[{"count":1,"href":"https:\/\/www.egemtv.com\/index.php?rest_route=\/wp\/v2\/posts\/13450\/revisions"}],"predecessor-version":[{"id":13452,"href":"https:\/\/www.egemtv.com\/index.php?rest_route=\/wp\/v2\/posts\/13450\/revisions\/13452"}],"wp:featuredmedia":[{"embeddable":true,"href":"https:\/\/www.egemtv.com\/index.php?rest_route=\/wp\/v2\/media\/13451"}],"wp:attachment":[{"href":"https:\/\/www.egemtv.com\/index.php?rest_route=%2Fwp%2Fv2%2Fmedia&parent=13450"}],"wp:term":[{"taxonomy":"category","embeddable":true,"href":"https:\/\/www.egemtv.com\/index.php?rest_route=%2Fwp%2Fv2%2Fcategories&post=13450"},{"taxonomy":"post_tag","embeddable":true,"href":"https:\/\/www.egemtv.com\/index.php?rest_route=%2Fwp%2Fv2%2Ftags&post=13450"}],"curies":[{"name":"wp","href":"https:\/\/api.w.org\/{rel}","templated":true}]}}