{"id":13441,"date":"2025-01-29T12:58:22","date_gmt":"2025-01-29T09:58:22","guid":{"rendered":"https:\/\/www.egemtv.com\/?p=13441"},"modified":"2025-01-29T12:58:25","modified_gmt":"2025-01-29T09:58:25","slug":"efelerde-kaybolan-engelli-sahis-kocarlida-bulundu","status":"publish","type":"post","link":"https:\/\/www.egemtv.com\/?p=13441","title":{"rendered":"Efeler\u2019de kaybolan engelli \u015fah\u0131s, Ko\u00e7arl\u0131\u2019da bulundu"},"content":{"rendered":"<p>Ayd\u0131n\u2019\u0131n Efeler il\u00e7esinde kay\u0131p olarak aranan zihinsel engelli \u015fah\u0131s, jandarman\u0131n ara\u015ft\u0131rmas\u0131 sonucu k\u0131sa s\u00fcrede Ko\u00e7arl\u0131 il\u00e7esinde bulundu.<\/p>\n<p>Edinilen bilgiye g\u00f6re, Efeler il\u00e7esinde ikamet eden E.\u00c7. isimli zihinsel engelli \u015fahs\u0131n kay\u0131p ihbar\u0131 \u00fczerine b\u00f6lgeye jandarma ekipleri sevk edildi. \u0130hbar \u00fczerine b\u00f6lgeye giden jandarma ekipleri kay\u0131p \u015fahs\u0131n bulunmas\u0131 i\u00e7in \u00e7al\u0131\u015fma ba\u015flatt\u0131. Detayl\u0131 \u00e7al\u0131\u015fmalar\u0131n ard\u0131ndan Ko\u00e7arl\u0131 \u0130l\u00e7e Jandarma Komutanl\u0131\u011f\u0131 ekipleri taraf\u0131ndan yap\u0131lan ihbar sonucunda yap\u0131lan ara\u015ft\u0131rmalarda kay\u0131p \u015fah\u0131s Ko\u00e7arl\u0131 il\u00e7esi \u00c7ak\u0131rbeyli Mahallesi\u2019nde ayn\u0131 g\u00fcn k\u0131sa s\u00fcre i\u00e7erisinde bulunarak Efeler il\u00e7esinde ikamet eden ailesine teslim edildi.<br \/><\/p>\n","protected":false},"excerpt":{"rendered":"<p>Ayd\u0131n\u2019\u0131n Efeler il\u00e7esinde kay\u0131p olarak aranan zihinsel engelli \u015fah\u0131s, jandarman\u0131n ara\u015ft\u0131rmas\u0131 sonucu k\u0131sa s\u00fcrede Ko\u00e7arl\u0131 il\u00e7esinde bulundu. Edinilen bilgiye g\u00f6re, Efeler il\u00e7esinde ikamet eden E.\u00c7. isimli zihinsel engelli \u015fahs\u0131n kay\u0131p ihbar\u0131 \u00fczerine b\u00f6lgeye jandarma ekipleri sevk edildi. \u0130hbar \u00fczerine b\u00f6lgeye giden jandarma ekipleri kay\u0131p \u015fahs\u0131n bulunmas\u0131 i\u00e7in \u00e7al\u0131\u015fma ba\u015flatt\u0131. Detayl\u0131 \u00e7al\u0131\u015fmalar\u0131n ard\u0131ndan Ko\u00e7arl\u0131 \u0130l\u00e7e Jandarma&#8230;<\/p>\n","protected":false},"author":1,"featured_media":13442,"comment_status":"open","ping_status":"open","sticky":false,"template":"","format":"standard","meta":{"_crdt_document":"","footnotes":""},"categories":[5],"tags":[],"class_list":["post-13441","post","type-post","status-publish","format-standard","has-post-thumbnail","hentry","category-asayis"],"_links":{"self":[{"href":"https:\/\/www.egemtv.com\/index.php?rest_route=\/wp\/v2\/posts\/13441","targetHints":{"allow":["GET"]}}],"collection":[{"href":"https:\/\/www.egemtv.com\/index.php?rest_route=\/wp\/v2\/posts"}],"about":[{"href":"https:\/\/www.egemtv.com\/index.php?rest_route=\/wp\/v2\/types\/post"}],"author":[{"embeddable":true,"href":"https:\/\/www.egemtv.com\/index.php?rest_route=\/wp\/v2\/users\/1"}],"replies":[{"embeddable":true,"href":"https:\/\/www.egemtv.com\/index.php?rest_route=%2Fwp%2Fv2%2Fcomments&post=13441"}],"version-history":[{"count":1,"href":"https:\/\/www.egemtv.com\/index.php?rest_route=\/wp\/v2\/posts\/13441\/revisions"}],"predecessor-version":[{"id":13443,"href":"https:\/\/www.egemtv.com\/index.php?rest_route=\/wp\/v2\/posts\/13441\/revisions\/13443"}],"wp:featuredmedia":[{"embeddable":true,"href":"https:\/\/www.egemtv.com\/index.php?rest_route=\/wp\/v2\/media\/13442"}],"wp:attachment":[{"href":"https:\/\/www.egemtv.com\/index.php?rest_route=%2Fwp%2Fv2%2Fmedia&parent=13441"}],"wp:term":[{"taxonomy":"category","embeddable":true,"href":"https:\/\/www.egemtv.com\/index.php?rest_route=%2Fwp%2Fv2%2Fcategories&post=13441"},{"taxonomy":"post_tag","embeddable":true,"href":"https:\/\/www.egemtv.com\/index.php?rest_route=%2Fwp%2Fv2%2Ftags&post=13441"}],"curies":[{"name":"wp","href":"https:\/\/api.w.org\/{rel}","templated":true}]}}