{"id":13438,"date":"2025-01-29T12:58:01","date_gmt":"2025-01-29T09:58:01","guid":{"rendered":"https:\/\/www.egemtv.com\/?p=13438"},"modified":"2025-01-29T12:58:03","modified_gmt":"2025-01-29T09:58:03","slug":"baskan-aras-fethiyede-muhtarlarla-kahvaltida-bulustu","status":"publish","type":"post","link":"https:\/\/www.egemtv.com\/?p=13438","title":{"rendered":"Ba\u015fkan Aras, Fethiye\u2019de muhtarlarla kahvalt\u0131da bulu\u015ftu"},"content":{"rendered":"<p>Mu\u011fla B\u00fcy\u00fck\u015fehir Belediye Ba\u015fkan\u0131 Ahmet Aras \u00f6nc\u00fcl\u00fc\u011f\u00fcnde d\u00fczenlenen kahvalt\u0131 etkinli\u011fi, mahalle muhtarlar\u0131n\u0131n kat\u0131l\u0131m\u0131yla ger\u00e7ekle\u015ftirildi. Ba\u015fkan Aras, Mu\u011fla genelinde yap\u0131lan yat\u0131r\u0131mlar\u0131 ve projeleri payla\u015ft\u0131.<\/p>\n<p>Mu\u011fla B\u00fcy\u00fck\u015fehir Belediyesi\u2019nin mahallelerde y\u00fcr\u00fctt\u00fc\u011f\u00fc \u00e7al\u0131\u015fmalar ve yat\u0131r\u0131m programlar\u0131n\u0131n ele al\u0131nd\u0131\u011f\u0131 kahvalt\u0131, s\u0131cak ve samimi bir atmosferde yap\u0131ld\u0131. Fethiye\u2019nin Karg\u0131 Mahallesi\u2019nde d\u00fczenlenen etkinlikte Ba\u015fkan Ahmet Aras, mahalle muhtarlar\u0131n\u0131n g\u00f6r\u00fc\u015flerini dinleyerek yerel ihtiya\u00e7lara y\u00f6nelik \u00e7\u00f6z\u00fcm \u00f6nerilerini de\u011ferlendirdi. T\u00fcrkiye genelindeki muhtarlar\u0131n birle\u015ferek tek bir federasyon \u00e7at\u0131s\u0131 alt\u0131nda toplanmas\u0131n\u0131 desteklediklerini ifade eden Aras, babas\u0131n\u0131n da muhtar oldu\u011funu vurgulayarak muhtarl\u0131\u011f\u0131n kendisi i\u00e7in \u00f6zel bir anlam ta\u015f\u0131d\u0131\u011f\u0131n\u0131 s\u00f6yledi.<\/p>\n<p>Fethiye Muhtarlar Derne\u011fi Ba\u015fkan\u0131 Cafer S\u00f6\u011f\u00fct, etkinli\u011fin a\u00e7\u0131l\u0131\u015f\u0131nda yapt\u0131\u011f\u0131 konu\u015fmada, \u201cKarg\u0131 Mahallesi\u2019nde B\u00fcy\u00fck\u015fehir Belediye Ba\u015fkan\u0131m\u0131z Ahmet Aras\u2019\u0131 a\u011f\u0131rlamaktan mutluluk duyuyoruz. Mu\u011fla\u2019m\u0131z\u0131n gelece\u011fi i\u00e7in hep birlikte \u00e7al\u0131\u015fmaya devam edece\u011fiz\u201d dedi.<\/p>\n<p>Mu\u011fla B\u00fcy\u00fck\u015fehir Belediye Ba\u015fkan\u0131 Ahmet Aras, konu\u015fmas\u0131nda belediye hizmetlerindeki de\u011fi\u015fim ve yap\u0131lan yat\u0131r\u0131mlardan bahsetti. G\u00f6reve geldikleri g\u00fcnden itibaren dinamik, teknolojik ve yenilik\u00e7i bir anlay\u0131\u015fla hareket ettiklerini vurgulayan Aras, \u201cG\u00f6revde bulundu\u011fumuz s\u00fcre boyunca, belediye ekibimizi kendi hizmet anlay\u0131\u015f\u0131m\u0131za uygun olarak yeniden d\u00fczenledik. \u00d6nceki d\u00f6nemlerde Mu\u011fla\u2019ya hizmet eden Osman Ba\u015fkan\u0131m\u0131za te\u015fekk\u00fcr ediyoruz. Ancak her y\u00f6netimin kendine \u00f6zg\u00fc bir \u00e7al\u0131\u015fma tarz\u0131 vard\u0131r. Biz de daha etkili ve yenilik\u00e7i bir belediyecilik anlay\u0131\u015f\u0131yla ilerliyoruz. 2025 b\u00fct\u00e7emizi haz\u0131rlad\u0131k ve yat\u0131r\u0131mlar\u0131m\u0131z\u0131 B\u00fcy\u00fck\u015fehir Belediye Meclisimizden ge\u00e7irerek uygulamaya ba\u015flad\u0131k\u201d diye konu\u015ftu.<\/p>\n<p>Ba\u015fkan Aras, muhtarlarla olan i\u015f birli\u011fine b\u00fcy\u00fck \u00f6nem verdiklerini belirterek, \u201cMuhtarlar\u0131m\u0131z, mahallelerimizin se\u00e7ilmi\u015f temsilcileridir ve mahallelerde yap\u0131lacak her i\u015fte onlar\u0131n g\u00f6r\u00fc\u015f\u00fc al\u0131n\u0131r. T\u00fcm daire amirlerimize bu konuda net talimat verdik. Bir mahallede herhangi bir i\u015flem yap\u0131lacaksa muhtar haberdar edilmeden ad\u0131m at\u0131lmayacak\u201d dedi.<\/p>\n<p>Ba\u015fkan Aras, konu\u015fmas\u0131n\u0131 birlik ve beraberlik mesaj\u0131yla sonland\u0131rd\u0131 \u201cSiyaset elbette se\u00e7im d\u00f6nemlerinde yap\u0131l\u0131r. Ancak konu memleket oldu\u011funda, gerisi bizim i\u00e7in teferruatt\u0131r. Vatan, millet ve bayrak sevgisiyle hareket ederek daha g\u00fczel bir Mu\u011fla i\u00e7in \u00e7al\u0131\u015fmaya devam edece\u011fiz\u201d ifadelerini kulland\u0131.<\/p>\n<p>Kahvalt\u0131n\u0131n ard\u0131ndan etkinlik, Y\u00f6r\u00fck M\u00fczesi ziyaretiyle devam etti. \u0130\u015fletme sahibi Enver Yal\u00e7\u0131n, ba\u015fkanlara ve muhtarlara eski Y\u00f6r\u00fck e\u015fyalar\u0131n\u0131n kullan\u0131m\u0131n\u0131 ve Y\u00f6r\u00fck k\u00fclt\u00fcr\u00fcn\u00fcn detaylar\u0131n\u0131 aktard\u0131.<br \/><\/p>\n","protected":false},"excerpt":{"rendered":"<p>Mu\u011fla B\u00fcy\u00fck\u015fehir Belediye Ba\u015fkan\u0131 Ahmet Aras \u00f6nc\u00fcl\u00fc\u011f\u00fcnde d\u00fczenlenen kahvalt\u0131 etkinli\u011fi, mahalle muhtarlar\u0131n\u0131n kat\u0131l\u0131m\u0131yla ger\u00e7ekle\u015ftirildi. Ba\u015fkan Aras, Mu\u011fla genelinde yap\u0131lan yat\u0131r\u0131mlar\u0131 ve projeleri payla\u015ft\u0131. Mu\u011fla B\u00fcy\u00fck\u015fehir Belediyesi\u2019nin mahallelerde y\u00fcr\u00fctt\u00fc\u011f\u00fc \u00e7al\u0131\u015fmalar ve yat\u0131r\u0131m programlar\u0131n\u0131n ele al\u0131nd\u0131\u011f\u0131 kahvalt\u0131, s\u0131cak ve samimi bir atmosferde yap\u0131ld\u0131. Fethiye\u2019nin Karg\u0131 Mahallesi\u2019nde d\u00fczenlenen etkinlikte Ba\u015fkan Ahmet Aras, mahalle muhtarlar\u0131n\u0131n g\u00f6r\u00fc\u015flerini dinleyerek yerel ihtiya\u00e7lara&#8230;<\/p>\n","protected":false},"author":1,"featured_media":13439,"comment_status":"open","ping_status":"open","sticky":false,"template":"","format":"standard","meta":{"_crdt_document":"","footnotes":""},"categories":[1],"tags":[],"class_list":["post-13438","post","type-post","status-publish","format-standard","has-post-thumbnail","hentry","category-guncel"],"_links":{"self":[{"href":"https:\/\/www.egemtv.com\/index.php?rest_route=\/wp\/v2\/posts\/13438","targetHints":{"allow":["GET"]}}],"collection":[{"href":"https:\/\/www.egemtv.com\/index.php?rest_route=\/wp\/v2\/posts"}],"about":[{"href":"https:\/\/www.egemtv.com\/index.php?rest_route=\/wp\/v2\/types\/post"}],"author":[{"embeddable":true,"href":"https:\/\/www.egemtv.com\/index.php?rest_route=\/wp\/v2\/users\/1"}],"replies":[{"embeddable":true,"href":"https:\/\/www.egemtv.com\/index.php?rest_route=%2Fwp%2Fv2%2Fcomments&post=13438"}],"version-history":[{"count":1,"href":"https:\/\/www.egemtv.com\/index.php?rest_route=\/wp\/v2\/posts\/13438\/revisions"}],"predecessor-version":[{"id":13440,"href":"https:\/\/www.egemtv.com\/index.php?rest_route=\/wp\/v2\/posts\/13438\/revisions\/13440"}],"wp:featuredmedia":[{"embeddable":true,"href":"https:\/\/www.egemtv.com\/index.php?rest_route=\/wp\/v2\/media\/13439"}],"wp:attachment":[{"href":"https:\/\/www.egemtv.com\/index.php?rest_route=%2Fwp%2Fv2%2Fmedia&parent=13438"}],"wp:term":[{"taxonomy":"category","embeddable":true,"href":"https:\/\/www.egemtv.com\/index.php?rest_route=%2Fwp%2Fv2%2Fcategories&post=13438"},{"taxonomy":"post_tag","embeddable":true,"href":"https:\/\/www.egemtv.com\/index.php?rest_route=%2Fwp%2Fv2%2Ftags&post=13438"}],"curies":[{"name":"wp","href":"https:\/\/api.w.org\/{rel}","templated":true}]}}