{"id":13435,"date":"2025-01-29T12:57:58","date_gmt":"2025-01-29T09:57:58","guid":{"rendered":"https:\/\/www.egemtv.com\/?p=13435"},"modified":"2025-01-29T12:58:00","modified_gmt":"2025-01-29T09:58:00","slug":"aydinda-kacak-tutun-operasyonu","status":"publish","type":"post","link":"https:\/\/www.egemtv.com\/?p=13435","title":{"rendered":"Ayd\u0131n\u2019da ka\u00e7ak t\u00fct\u00fcn operasyonu"},"content":{"rendered":"<p>Ayd\u0131n\u2019\u0131n Efeler il\u00e7esinde ka\u00e7ak sigara ve t\u00fct\u00fcn sat\u0131\u015f\u0131 yapan \u015fah\u0131slar\u0131n i\u015f yerlerinde yap\u0131lan aramada \u00e7ok miktarda ka\u00e7ak t\u00fct\u00fcn ele ge\u00e7irildi.<\/p>\n<p>Ayd\u0131n \u0130l Jandarma Komutanl\u0131\u011f\u0131 KOM \u015eube M\u00fcd\u00fcrl\u00fc\u011f\u00fc ve Efeler \u0130l\u00e7e Jandarma Komutanl\u0131\u011f\u0131nca sigara ka\u00e7ak\u00e7\u0131l\u0131\u011f\u0131na y\u00f6nelik koordineli \u00e7al\u0131\u015fma ba\u015flatt\u0131. Yap\u0131lan \u00e7al\u0131\u015fmalarda Efeler il\u00e7esinde ka\u00e7ak sigara \u00fcretimi ve sat\u0131\u015f\u0131 yapan M.S ve K.E isimli \u015f\u00fcpheli \u015fah\u0131slar\u0131n i\u015fyerlerinde yap\u0131lan aramada piyasa de\u011feri yakla\u015f\u0131k 1 milyon 100 bin TL de\u011ferinde, 735 bin adet i\u00e7i t\u00fct\u00fcn doldurulmu\u015f makaron, 12 bin 500 adet bo\u015f makaron, 45 kilogram k\u0131y\u0131lm\u0131\u015f t\u00fct\u00fcn, 143 adet likit ele ge\u00e7irildi. \u015e\u00fcpheli \u015fah\u0131slar ile ilgili adli ve idari s\u00fcrecin devam etti\u011fi \u00f6\u011frenildi.<br \/><\/p>\n","protected":false},"excerpt":{"rendered":"<p>Ayd\u0131n\u2019\u0131n Efeler il\u00e7esinde ka\u00e7ak sigara ve t\u00fct\u00fcn sat\u0131\u015f\u0131 yapan \u015fah\u0131slar\u0131n i\u015f yerlerinde yap\u0131lan aramada \u00e7ok miktarda ka\u00e7ak t\u00fct\u00fcn ele ge\u00e7irildi. Ayd\u0131n \u0130l Jandarma Komutanl\u0131\u011f\u0131 KOM \u015eube M\u00fcd\u00fcrl\u00fc\u011f\u00fc ve Efeler \u0130l\u00e7e Jandarma Komutanl\u0131\u011f\u0131nca sigara ka\u00e7ak\u00e7\u0131l\u0131\u011f\u0131na y\u00f6nelik koordineli \u00e7al\u0131\u015fma ba\u015flatt\u0131. Yap\u0131lan \u00e7al\u0131\u015fmalarda Efeler il\u00e7esinde ka\u00e7ak sigara \u00fcretimi ve sat\u0131\u015f\u0131 yapan M.S ve K.E isimli \u015f\u00fcpheli \u015fah\u0131slar\u0131n i\u015fyerlerinde&#8230;<\/p>\n","protected":false},"author":1,"featured_media":13436,"comment_status":"open","ping_status":"open","sticky":false,"template":"","format":"standard","meta":{"_crdt_document":"","footnotes":""},"categories":[5],"tags":[],"class_list":["post-13435","post","type-post","status-publish","format-standard","has-post-thumbnail","hentry","category-asayis"],"_links":{"self":[{"href":"https:\/\/www.egemtv.com\/index.php?rest_route=\/wp\/v2\/posts\/13435","targetHints":{"allow":["GET"]}}],"collection":[{"href":"https:\/\/www.egemtv.com\/index.php?rest_route=\/wp\/v2\/posts"}],"about":[{"href":"https:\/\/www.egemtv.com\/index.php?rest_route=\/wp\/v2\/types\/post"}],"author":[{"embeddable":true,"href":"https:\/\/www.egemtv.com\/index.php?rest_route=\/wp\/v2\/users\/1"}],"replies":[{"embeddable":true,"href":"https:\/\/www.egemtv.com\/index.php?rest_route=%2Fwp%2Fv2%2Fcomments&post=13435"}],"version-history":[{"count":1,"href":"https:\/\/www.egemtv.com\/index.php?rest_route=\/wp\/v2\/posts\/13435\/revisions"}],"predecessor-version":[{"id":13437,"href":"https:\/\/www.egemtv.com\/index.php?rest_route=\/wp\/v2\/posts\/13435\/revisions\/13437"}],"wp:featuredmedia":[{"embeddable":true,"href":"https:\/\/www.egemtv.com\/index.php?rest_route=\/wp\/v2\/media\/13436"}],"wp:attachment":[{"href":"https:\/\/www.egemtv.com\/index.php?rest_route=%2Fwp%2Fv2%2Fmedia&parent=13435"}],"wp:term":[{"taxonomy":"category","embeddable":true,"href":"https:\/\/www.egemtv.com\/index.php?rest_route=%2Fwp%2Fv2%2Fcategories&post=13435"},{"taxonomy":"post_tag","embeddable":true,"href":"https:\/\/www.egemtv.com\/index.php?rest_route=%2Fwp%2Fv2%2Ftags&post=13435"}],"curies":[{"name":"wp","href":"https:\/\/api.w.org\/{rel}","templated":true}]}}