{"id":13432,"date":"2025-01-29T12:49:29","date_gmt":"2025-01-29T09:49:29","guid":{"rendered":"https:\/\/www.egemtv.com\/?p=13432"},"modified":"2025-01-29T12:49:32","modified_gmt":"2025-01-29T09:49:32","slug":"namaz-kilarken-hayatini-kaybeden-hayirsever-vatandasa-vefa-ornegi","status":"publish","type":"post","link":"https:\/\/www.egemtv.com\/?p=13432","title":{"rendered":"Namaz k\u0131larken hayat\u0131n\u0131 kaybeden hay\u0131rsever vatanda\u015fa vefa \u00f6rne\u011fi"},"content":{"rendered":"<p>Ayd\u0131n\u2019\u0131n \u0130ncirliova il\u00e7esindeki K\u00fclliye Camii\u2019nde namaz k\u0131larken hayat\u0131n\u0131 kaybeden hay\u0131rsever Mehmet Aslan\u2019\u0131n son giydi\u011fi ayakkab\u0131, caminin ayakkab\u0131l\u0131\u011f\u0131nda muhafaza ediliyor.<br \/>\n<br \/>\u0130ncirliova\u2019n\u0131n Cumhuriyet Mahallesi\u2019nde bulunan K\u00fclliye Camii\u2019nin ayakkab\u0131l\u0131\u011f\u0131nda koruma alt\u0131nda olan bir ayakkab\u0131 camiye gidenlerin dikkatini \u00e7ekiyor. Cami, \u0130ncirliova Camii ve K\u00fclliye Yapma ve Ya\u015fatma Derne\u011fi \u00f6nc\u00fcl\u00fc\u011f\u00fcnde yap\u0131ld\u0131. Caminin yap\u0131m\u0131nda b\u00fcy\u00fck emekleri bulunan dernek y\u00f6neticisi Mehmet Aslan, 14 Temmuz 2024 tarihinde ikindi namaz\u0131nda hayat\u0131n\u0131 kaybetti. Camide hayat\u0131n\u0131 kaybeden Aslan\u2019\u0131n giydi\u011fi son ayakkab\u0131 ise caminin ayakkab\u0131l\u0131\u011f\u0131nda muhafaza alt\u0131na al\u0131nd\u0131. Caminin yap\u0131m\u0131nda b\u00fcy\u00fck emekleri bulunan hay\u0131rsever Aslan\u2019a vefa \u00f6rne\u011fi g\u00f6sterildi.<br \/>\n<br \/>Ayakkab\u0131n\u0131n muhafaza alt\u0131na al\u0131nd\u0131\u011f\u0131 ayakkab\u0131l\u0131\u011fa, &#8220;Camimizin banilerinden Mehmet Aslan 14.07.2024 g\u00fcn\u00fc ikindi namaz\u0131nda camimizde vefat etmi\u015ftir. Allah rahmet eyleye&#8221; notu yaz\u0131ld\u0131.<br \/>\n<br \/>Camide namaz k\u0131lmaya gidenler ayakkab\u0131y\u0131 g\u00f6r\u00fcnce \u00f6nce \u015fa\u015f\u0131r\u0131rken, konuyu \u00f6\u011frenince yetkilileri tebrik ediyor.<br \/><\/p>\n","protected":false},"excerpt":{"rendered":"<p>Ayd\u0131n\u2019\u0131n \u0130ncirliova il\u00e7esindeki K\u00fclliye Camii\u2019nde namaz k\u0131larken hayat\u0131n\u0131 kaybeden hay\u0131rsever Mehmet Aslan\u2019\u0131n son giydi\u011fi ayakkab\u0131, caminin ayakkab\u0131l\u0131\u011f\u0131nda muhafaza ediliyor. \u0130ncirliova\u2019n\u0131n Cumhuriyet Mahallesi\u2019nde bulunan K\u00fclliye Camii\u2019nin ayakkab\u0131l\u0131\u011f\u0131nda koruma alt\u0131nda olan bir ayakkab\u0131 camiye gidenlerin dikkatini \u00e7ekiyor. Cami, \u0130ncirliova Camii ve K\u00fclliye Yapma ve Ya\u015fatma Derne\u011fi \u00f6nc\u00fcl\u00fc\u011f\u00fcnde yap\u0131ld\u0131. Caminin yap\u0131m\u0131nda b\u00fcy\u00fck emekleri bulunan dernek y\u00f6neticisi Mehmet Aslan,&#8230;<\/p>\n","protected":false},"author":1,"featured_media":13433,"comment_status":"open","ping_status":"open","sticky":false,"template":"","format":"standard","meta":{"_crdt_document":"","footnotes":""},"categories":[123],"tags":[],"class_list":["post-13432","post","type-post","status-publish","format-standard","has-post-thumbnail","hentry","category-gundem"],"_links":{"self":[{"href":"https:\/\/www.egemtv.com\/index.php?rest_route=\/wp\/v2\/posts\/13432","targetHints":{"allow":["GET"]}}],"collection":[{"href":"https:\/\/www.egemtv.com\/index.php?rest_route=\/wp\/v2\/posts"}],"about":[{"href":"https:\/\/www.egemtv.com\/index.php?rest_route=\/wp\/v2\/types\/post"}],"author":[{"embeddable":true,"href":"https:\/\/www.egemtv.com\/index.php?rest_route=\/wp\/v2\/users\/1"}],"replies":[{"embeddable":true,"href":"https:\/\/www.egemtv.com\/index.php?rest_route=%2Fwp%2Fv2%2Fcomments&post=13432"}],"version-history":[{"count":1,"href":"https:\/\/www.egemtv.com\/index.php?rest_route=\/wp\/v2\/posts\/13432\/revisions"}],"predecessor-version":[{"id":13434,"href":"https:\/\/www.egemtv.com\/index.php?rest_route=\/wp\/v2\/posts\/13432\/revisions\/13434"}],"wp:featuredmedia":[{"embeddable":true,"href":"https:\/\/www.egemtv.com\/index.php?rest_route=\/wp\/v2\/media\/13433"}],"wp:attachment":[{"href":"https:\/\/www.egemtv.com\/index.php?rest_route=%2Fwp%2Fv2%2Fmedia&parent=13432"}],"wp:term":[{"taxonomy":"category","embeddable":true,"href":"https:\/\/www.egemtv.com\/index.php?rest_route=%2Fwp%2Fv2%2Fcategories&post=13432"},{"taxonomy":"post_tag","embeddable":true,"href":"https:\/\/www.egemtv.com\/index.php?rest_route=%2Fwp%2Fv2%2Ftags&post=13432"}],"curies":[{"name":"wp","href":"https:\/\/api.w.org\/{rel}","templated":true}]}}