{"id":13429,"date":"2025-01-29T12:46:14","date_gmt":"2025-01-29T09:46:14","guid":{"rendered":"https:\/\/www.egemtv.com\/?p=13429"},"modified":"2025-01-29T12:46:16","modified_gmt":"2025-01-29T09:46:16","slug":"ersan-parlatan-isparta-deplasmaninda-hedefimiz-3-puan","status":"publish","type":"post","link":"https:\/\/www.egemtv.com\/?p=13429","title":{"rendered":"Ersan Parlatan: \u201cIsparta deplasman\u0131nda hedefimiz 3 puan\u201d"},"content":{"rendered":"<p>Alt\u0131nordu Teknik Direkt\u00f6r\u00fc Ersan Parlatan, kul\u00fcp televizyonuna a\u00e7\u0131klamalarda bulunarak Isparta 32 Spor ile deplasmanda oynayacaklar\u0131 kar\u015f\u0131la\u015fmadan galibiyetle ayr\u0131lmak istediklerini ifade etti.<br \/>\n<br \/>TFF 2. Lig Beyaz Grup ekiplerinden Alt\u0131nordu\u2019nun yeni teknik direkt\u00f6r\u00fc Ersan Parlatan, kul\u00fcp televizyonuna \u00f6nemli a\u00e7\u0131klamalarda yapt\u0131. 47 ya\u015f\u0131ndaki \u00e7al\u0131\u015ft\u0131r\u0131c\u0131, hem ge\u00e7ti\u011fimiz hafta Kepezspor kar\u015f\u0131s\u0131nda al\u0131nan beraberli\u011fi hem de hafta sonu oynanacak Isparta 32 Spor m\u00fcsabakas\u0131na dair de\u011ferlendirmelerde bulundu.  Alt\u0131nordu TV\u2019ye konu\u015fan tecr\u00fcbeli teknik adam, ge\u00e7en hafta sonunda uzatma dakikalar\u0131nda yedikleri golle sahadan beraberlikle ayr\u0131lmak zorunda kald\u0131klar\u0131n\u0131 belirterek, \u201cBizim ad\u0131m\u0131za \u00fcz\u00fcc\u00fc bir sonu\u00e7 oldu. \u00d6nde g\u00f6t\u00fcrd\u00fc\u011f\u00fcm\u00fcz ma\u00e7\u0131 son pozisyonda kalemizde gol g\u00f6rerek berabere tamamlad\u0131k. Ma\u00e7 \u00f6zeline bakt\u0131\u011f\u0131m\u0131z zaman genel anlamda futbolcular\u0131m\u0131n arzusundan memnunum. Pozisyona girme anlam\u0131nda daha \u00fcretken olabilirdik. \u0130lk yar\u0131 istediklerimizi yapamasak da ikinci yar\u0131 oyuna h\u00fckmettik. Zaman zaman ma\u00e7 i\u00e7inde \u00e7ok \u00e7abuk top kay\u0131plar\u0131m\u0131z oldu. \u00dczg\u00fcn\u00fcz, daha iyisini yapabilece\u011fimizi d\u00fc\u015f\u00fcn\u00fcyorum. Her ge\u00e7en g\u00fcn tak\u0131m\u0131 daha iyi tan\u0131yorum\u201d dedi.<br \/>\n<br \/>Ersan Partalatan Isparta 32 Spor ile Pazar g\u00fcn\u00fc deplasmanda oynayacaklar\u0131 kar\u015f\u0131la\u015fma i\u00e7inse \u015funlar\u0131 ifade etti: \u201cZor bir deplasmana gidece\u011fiz. \u0130\u00e7eride sert oynayan bir rakibe kar\u015f\u0131 oynayaca\u011f\u0131z. \u0130kinci yar\u0131 her ma\u00e7 olduk\u00e7a zor ge\u00e7ecektir. Bizim de bu sertli\u011fe cevap vermemiz gerekiyor. Umar\u0131m ki hafta sonu deplasmandan \u00fc\u00e7 puanla d\u00f6neriz.\u201d<br \/><\/p>\n","protected":false},"excerpt":{"rendered":"<p>Alt\u0131nordu Teknik Direkt\u00f6r\u00fc Ersan Parlatan, kul\u00fcp televizyonuna a\u00e7\u0131klamalarda bulunarak Isparta 32 Spor ile deplasmanda oynayacaklar\u0131 kar\u015f\u0131la\u015fmadan galibiyetle ayr\u0131lmak istediklerini ifade etti. TFF 2. Lig Beyaz Grup ekiplerinden Alt\u0131nordu\u2019nun yeni teknik direkt\u00f6r\u00fc Ersan Parlatan, kul\u00fcp televizyonuna \u00f6nemli a\u00e7\u0131klamalarda yapt\u0131. 47 ya\u015f\u0131ndaki \u00e7al\u0131\u015ft\u0131r\u0131c\u0131, hem ge\u00e7ti\u011fimiz hafta Kepezspor kar\u015f\u0131s\u0131nda al\u0131nan beraberli\u011fi hem de hafta sonu oynanacak Isparta 32&#8230;<\/p>\n","protected":false},"author":1,"featured_media":13430,"comment_status":"open","ping_status":"open","sticky":false,"template":"","format":"standard","meta":{"_crdt_document":"","footnotes":""},"categories":[4],"tags":[],"class_list":["post-13429","post","type-post","status-publish","format-standard","has-post-thumbnail","hentry","category-spor"],"_links":{"self":[{"href":"https:\/\/www.egemtv.com\/index.php?rest_route=\/wp\/v2\/posts\/13429","targetHints":{"allow":["GET"]}}],"collection":[{"href":"https:\/\/www.egemtv.com\/index.php?rest_route=\/wp\/v2\/posts"}],"about":[{"href":"https:\/\/www.egemtv.com\/index.php?rest_route=\/wp\/v2\/types\/post"}],"author":[{"embeddable":true,"href":"https:\/\/www.egemtv.com\/index.php?rest_route=\/wp\/v2\/users\/1"}],"replies":[{"embeddable":true,"href":"https:\/\/www.egemtv.com\/index.php?rest_route=%2Fwp%2Fv2%2Fcomments&post=13429"}],"version-history":[{"count":1,"href":"https:\/\/www.egemtv.com\/index.php?rest_route=\/wp\/v2\/posts\/13429\/revisions"}],"predecessor-version":[{"id":13431,"href":"https:\/\/www.egemtv.com\/index.php?rest_route=\/wp\/v2\/posts\/13429\/revisions\/13431"}],"wp:featuredmedia":[{"embeddable":true,"href":"https:\/\/www.egemtv.com\/index.php?rest_route=\/wp\/v2\/media\/13430"}],"wp:attachment":[{"href":"https:\/\/www.egemtv.com\/index.php?rest_route=%2Fwp%2Fv2%2Fmedia&parent=13429"}],"wp:term":[{"taxonomy":"category","embeddable":true,"href":"https:\/\/www.egemtv.com\/index.php?rest_route=%2Fwp%2Fv2%2Fcategories&post=13429"},{"taxonomy":"post_tag","embeddable":true,"href":"https:\/\/www.egemtv.com\/index.php?rest_route=%2Fwp%2Fv2%2Ftags&post=13429"}],"curies":[{"name":"wp","href":"https:\/\/api.w.org\/{rel}","templated":true}]}}