{"id":13426,"date":"2025-01-29T12:46:11","date_gmt":"2025-01-29T09:46:11","guid":{"rendered":"https:\/\/www.egemtv.com\/?p=13426"},"modified":"2025-01-29T12:46:13","modified_gmt":"2025-01-29T09:46:13","slug":"jandarmadan-kizilaya-kan-bagisi","status":"publish","type":"post","link":"https:\/\/www.egemtv.com\/?p=13426","title":{"rendered":"Jandarmadan K\u0131z\u0131lay\u2019a kan ba\u011f\u0131\u015f\u0131"},"content":{"rendered":"<p>Ayd\u0131n\u2019\u0131n Karpuzlu il\u00e7esinde jandarma personelleri K\u0131z\u0131lay\u2019a kan ba\u011f\u0131\u015f\u0131nda bulundu.<\/p>\n<p>Karpuzlu \u0130l\u00e7e Jandarma Komutanl\u0131\u011f\u0131 emrinde g\u00f6revli personeller kan ba\u011f\u0131\u015f\u0131n\u0131n azalmas\u0131 sebebiyle vatanda\u015flar\u0131n kan ihtiyac\u0131n\u0131 bir nebze olsun hafifletmek ve onlar\u0131 rahatlatmak amac\u0131yla K\u0131z\u0131lay ekipleri ile yap\u0131lan koordine ile Karpuzlu \u0130le Jandarma Komutanl\u0131\u011f\u0131 binas\u0131nda K\u0131z\u0131lay\u2019a kan ba\u011f\u0131\u015f\u0131nda bulunuldu.<br \/><\/p>\n","protected":false},"excerpt":{"rendered":"<p>Ayd\u0131n\u2019\u0131n Karpuzlu il\u00e7esinde jandarma personelleri K\u0131z\u0131lay\u2019a kan ba\u011f\u0131\u015f\u0131nda bulundu. Karpuzlu \u0130l\u00e7e Jandarma Komutanl\u0131\u011f\u0131 emrinde g\u00f6revli personeller kan ba\u011f\u0131\u015f\u0131n\u0131n azalmas\u0131 sebebiyle vatanda\u015flar\u0131n kan ihtiyac\u0131n\u0131 bir nebze olsun hafifletmek ve onlar\u0131 rahatlatmak amac\u0131yla K\u0131z\u0131lay ekipleri ile yap\u0131lan koordine ile Karpuzlu \u0130le Jandarma Komutanl\u0131\u011f\u0131 binas\u0131nda K\u0131z\u0131lay\u2019a kan ba\u011f\u0131\u015f\u0131nda bulunuldu.<\/p>\n","protected":false},"author":1,"featured_media":13427,"comment_status":"open","ping_status":"open","sticky":false,"template":"","format":"standard","meta":{"_crdt_document":"","footnotes":""},"categories":[1],"tags":[],"class_list":["post-13426","post","type-post","status-publish","format-standard","has-post-thumbnail","hentry","category-guncel"],"_links":{"self":[{"href":"https:\/\/www.egemtv.com\/index.php?rest_route=\/wp\/v2\/posts\/13426","targetHints":{"allow":["GET"]}}],"collection":[{"href":"https:\/\/www.egemtv.com\/index.php?rest_route=\/wp\/v2\/posts"}],"about":[{"href":"https:\/\/www.egemtv.com\/index.php?rest_route=\/wp\/v2\/types\/post"}],"author":[{"embeddable":true,"href":"https:\/\/www.egemtv.com\/index.php?rest_route=\/wp\/v2\/users\/1"}],"replies":[{"embeddable":true,"href":"https:\/\/www.egemtv.com\/index.php?rest_route=%2Fwp%2Fv2%2Fcomments&post=13426"}],"version-history":[{"count":1,"href":"https:\/\/www.egemtv.com\/index.php?rest_route=\/wp\/v2\/posts\/13426\/revisions"}],"predecessor-version":[{"id":13428,"href":"https:\/\/www.egemtv.com\/index.php?rest_route=\/wp\/v2\/posts\/13426\/revisions\/13428"}],"wp:featuredmedia":[{"embeddable":true,"href":"https:\/\/www.egemtv.com\/index.php?rest_route=\/wp\/v2\/media\/13427"}],"wp:attachment":[{"href":"https:\/\/www.egemtv.com\/index.php?rest_route=%2Fwp%2Fv2%2Fmedia&parent=13426"}],"wp:term":[{"taxonomy":"category","embeddable":true,"href":"https:\/\/www.egemtv.com\/index.php?rest_route=%2Fwp%2Fv2%2Fcategories&post=13426"},{"taxonomy":"post_tag","embeddable":true,"href":"https:\/\/www.egemtv.com\/index.php?rest_route=%2Fwp%2Fv2%2Ftags&post=13426"}],"curies":[{"name":"wp","href":"https:\/\/api.w.org\/{rel}","templated":true}]}}