{"id":13423,"date":"2025-01-29T12:34:31","date_gmt":"2025-01-29T09:34:31","guid":{"rendered":"https:\/\/www.egemtv.com\/?p=13423"},"modified":"2025-01-29T12:34:33","modified_gmt":"2025-01-29T09:34:33","slug":"baskan-ozen-gorme-engelliler-yapilan-paylasimlardan-bilgi-sahibi-olamiyor","status":"publish","type":"post","link":"https:\/\/www.egemtv.com\/?p=13423","title":{"rendered":"Ba\u015fkan \u00d6zen: &#8220;G\u00f6rme engelliler, yap\u0131lan payla\u015f\u0131mlardan bilgi sahibi olam\u0131yor&#8221;"},"content":{"rendered":"<p>Alt\u0131 Nokta K\u00f6rler Derne\u011fi Ayd\u0131n \u015eubesi Ba\u015fkan\u0131 Bayram \u00d6zen, kamu kurum ve kurulu\u015flar\u0131n\u0131n sosyal medya payla\u015f\u0131mlar\u0131nda g\u00f6rme engellilerin bilgilendirilmesi hakk\u0131nda \u00e7a\u011fr\u0131da bulunarak, g\u00f6rselin i\u00e7eri\u011finin betimlenmemesi nedeniyle g\u00f6rme engellilerin yap\u0131lan payla\u015f\u0131mlardan bilgi sahibi olamad\u0131\u011f\u0131n\u0131 belirtti.<\/p>\n<p>Alt\u0131 Nokta K\u00f6rler Derne\u011fi Ayd\u0131n \u015eubesi Ba\u015fkan\u0131 Bayram \u00d6zen, kamu kurum ve kurulu\u015flar\u0131n\u0131n sosyal medya hesaplar\u0131nda yap\u0131lan yaz\u0131l\u0131 payla\u015f\u0131mlar\u0131n foto\u011fraf \u015feklinde payla\u015f\u0131lmas\u0131 ve g\u00f6rselin i\u00e7eri\u011finin betimlenmemesi nedeniyle g\u00f6rme engellilerin yap\u0131lan payla\u015f\u0131mlardan bilgi sahibi olamad\u0131\u011f\u0131n\u0131 belirtti. Ba\u015fkan \u00d6zen, bu duruma dikkat \u00e7ekmek ve \u00e7\u00f6z\u00fcm bulmak amac\u0131yla g\u00f6rme engelliler olarak bir \u00e7a\u011fr\u0131da bulunduklar\u0131n\u0131 ifade etti. &#8220;K\u00f6rler burada, g\u00f6rseli a\u00e7\u0131kla&#8221; diyerek sosyal medya payla\u015f\u0131mlar\u0131n\u0131n eri\u015filebilirli\u011finin art\u0131r\u0131lmas\u0131n\u0131 ve herkesin bilgiye e\u015fit \u015fekilde ula\u015fabilmesini sa\u011flamak istediklerini vurgulad\u0131.<\/p>\n<p>\u00d6zen, &#8220;Sosyal medya payla\u015f\u0131mlar\u0131n\u0131n eri\u015filebilirli\u011fini art\u0131rmak ve herkesin bilgiye e\u015fit \u015fekilde ula\u015fabilmesini sa\u011flamak amac\u0131yla, g\u00f6rsellerin i\u00e7eri\u011finin betimlenmesi b\u00fcy\u00fck \u00f6nem ta\u015f\u0131maktad\u0131r. Bu sayede, g\u00f6rme engelli bireyler de yap\u0131lan payla\u015f\u0131mlardan bilgi sahibi olabilecek ve toplumsal hayata daha aktif bir \u015fekilde kat\u0131l\u0131m g\u00f6sterebilecektir. T\u00fcm kamu kurum ve kurulu\u015flar\u0131n\u0131, sosyal medya payla\u015f\u0131mlar\u0131nda g\u00f6rsel i\u00e7eriklerin betimlenmesine \u00f6zen g\u00f6stermeye davet ediyoruz. Bu konuda g\u00f6sterece\u011finiz hassasiyet i\u00e7in \u015fimdiden te\u015fekk\u00fcr ederiz&#8221; dedi.<br \/><\/p>\n","protected":false},"excerpt":{"rendered":"<p>Alt\u0131 Nokta K\u00f6rler Derne\u011fi Ayd\u0131n \u015eubesi Ba\u015fkan\u0131 Bayram \u00d6zen, kamu kurum ve kurulu\u015flar\u0131n\u0131n sosyal medya payla\u015f\u0131mlar\u0131nda g\u00f6rme engellilerin bilgilendirilmesi hakk\u0131nda \u00e7a\u011fr\u0131da bulunarak, g\u00f6rselin i\u00e7eri\u011finin betimlenmemesi nedeniyle g\u00f6rme engellilerin yap\u0131lan payla\u015f\u0131mlardan bilgi sahibi olamad\u0131\u011f\u0131n\u0131 belirtti. Alt\u0131 Nokta K\u00f6rler Derne\u011fi Ayd\u0131n \u015eubesi Ba\u015fkan\u0131 Bayram \u00d6zen, kamu kurum ve kurulu\u015flar\u0131n\u0131n sosyal medya hesaplar\u0131nda yap\u0131lan yaz\u0131l\u0131 payla\u015f\u0131mlar\u0131n foto\u011fraf \u015feklinde&#8230;<\/p>\n","protected":false},"author":1,"featured_media":13424,"comment_status":"open","ping_status":"open","sticky":false,"template":"","format":"standard","meta":{"_crdt_document":"","footnotes":""},"categories":[1],"tags":[],"class_list":["post-13423","post","type-post","status-publish","format-standard","has-post-thumbnail","hentry","category-guncel"],"_links":{"self":[{"href":"https:\/\/www.egemtv.com\/index.php?rest_route=\/wp\/v2\/posts\/13423","targetHints":{"allow":["GET"]}}],"collection":[{"href":"https:\/\/www.egemtv.com\/index.php?rest_route=\/wp\/v2\/posts"}],"about":[{"href":"https:\/\/www.egemtv.com\/index.php?rest_route=\/wp\/v2\/types\/post"}],"author":[{"embeddable":true,"href":"https:\/\/www.egemtv.com\/index.php?rest_route=\/wp\/v2\/users\/1"}],"replies":[{"embeddable":true,"href":"https:\/\/www.egemtv.com\/index.php?rest_route=%2Fwp%2Fv2%2Fcomments&post=13423"}],"version-history":[{"count":1,"href":"https:\/\/www.egemtv.com\/index.php?rest_route=\/wp\/v2\/posts\/13423\/revisions"}],"predecessor-version":[{"id":13425,"href":"https:\/\/www.egemtv.com\/index.php?rest_route=\/wp\/v2\/posts\/13423\/revisions\/13425"}],"wp:featuredmedia":[{"embeddable":true,"href":"https:\/\/www.egemtv.com\/index.php?rest_route=\/wp\/v2\/media\/13424"}],"wp:attachment":[{"href":"https:\/\/www.egemtv.com\/index.php?rest_route=%2Fwp%2Fv2%2Fmedia&parent=13423"}],"wp:term":[{"taxonomy":"category","embeddable":true,"href":"https:\/\/www.egemtv.com\/index.php?rest_route=%2Fwp%2Fv2%2Fcategories&post=13423"},{"taxonomy":"post_tag","embeddable":true,"href":"https:\/\/www.egemtv.com\/index.php?rest_route=%2Fwp%2Fv2%2Ftags&post=13423"}],"curies":[{"name":"wp","href":"https:\/\/api.w.org\/{rel}","templated":true}]}}