{"id":13420,"date":"2025-01-29T12:34:28","date_gmt":"2025-01-29T09:34:28","guid":{"rendered":"https:\/\/www.egemtv.com\/?p=13420"},"modified":"2025-01-29T12:34:30","modified_gmt":"2025-01-29T09:34:30","slug":"zeytinliovanin-sokaklari-yenilendi","status":"publish","type":"post","link":"https:\/\/www.egemtv.com\/?p=13420","title":{"rendered":"Zeytinliova\u2019n\u0131n sokaklar\u0131 yenilendi"},"content":{"rendered":"<p>\u0130l genelinde halk\u0131n ihtiya\u00e7lar\u0131na y\u00f6nelik \u00e7al\u0131\u015fmalar\u0131n\u0131 s\u00fcrd\u00fcren Manisa B\u00fcy\u00fck\u015fehir Belediyesi, mahallelerde \u00fcst yap\u0131 \u00e7al\u0131\u015fmalar\u0131na ara vermeden devam ediyor. Akhisar\u2019a ba\u011fl\u0131 Zeytinliova Mahallesi\u2019nde y\u00fcr\u00fct\u00fclen \u00e7al\u0131\u015fmalar kapsam\u0131nda, 59 bin metrekare kilit parke ta\u015f\u0131 d\u00f6\u015fendi.<br \/>\n<br \/>Manisa B\u00fcy\u00fck\u015fehir Belediyesi, Manisa\u2019n\u0131n daha ya\u015fan\u0131labilir bir kent olmas\u0131 amac\u0131yla \u00e7al\u0131\u015fmalar\u0131n\u0131 aral\u0131ks\u0131z s\u00fcrd\u00fcr\u00fcyor. \u015eehrin d\u00f6rt bir yan\u0131nda ger\u00e7ekle\u015ftirilen \u00e7al\u0131\u015fmalarla daha \u00f6nce alt yap\u0131 \u00e7al\u0131\u015fmalar\u0131 ger\u00e7ekle\u015ftirilen y\u0131pranan, ula\u015f\u0131m g\u00fcvenli\u011fini tehlikeye atan yollar\u0131n bak\u0131m, onar\u0131m ve yenileme \u00e7al\u0131\u015fmalar\u0131 da aral\u0131ks\u0131z olarak s\u00fcr\u00fcyor. Bu kapsamda, Manisa B\u00fcy\u00fck\u015fehir Belediyesi Fen \u0130\u015fleri Dairesi Ba\u015fkanl\u0131\u011f\u0131\u2019n\u0131n y\u00fcr\u00fctt\u00fc\u011f\u00fc \u00e7al\u0131\u015fmalarla daha \u00f6nce i\u00e7me suyu hatt\u0131 \u00e7al\u0131\u015fmalar\u0131 yap\u0131lan Zeytinliova\u2019n\u0131n \u00fcst yap\u0131s\u0131 da yenilendi.<br \/>\n<br \/>\u00c7al\u0131\u015fmalarla ilgili bilgi veren Manisa B\u00fcy\u00fck\u015fehir Belediyesi Fen \u0130\u015fleri Dairesi Ba\u015fkan\u0131 Dilek Yeltin, Zeytinliova\u2019da ana cadde ve ara sokaklar dahil olmak \u00fczere mahallenin y\u00fczde 50\u2019sinde \u00e7al\u0131\u015fma ger\u00e7ekle\u015ftirildi\u011fini s\u00f6yledi. Manisa\u2019n\u0131n daha ya\u015fan\u0131labilir bir kent olmas\u0131 i\u00e7in \u00e7al\u0131\u015ft\u0131klar\u0131n\u0131 belirten Daire Ba\u015fkan\u0131 Yeltin, mahallede, Belediye\u2019nin kendi tesislerinde kendi kaynaklar\u0131 ile \u00fcrettikleri 59 bin metrekarelik kilit parke d\u00f6\u015feme \u00e7al\u0131\u015fmas\u0131 yap\u0131ld\u0131\u011f\u0131n\u0131 ifade etti.<\/p>\n<p>\u201cFerdi ba\u015fkan\u0131m\u0131za te\u015fekk\u00fcr ederiz\u201d<br \/>\n<br \/>Zeytinliova Mahalle Muhtar\u0131 G\u00fclten Demir de \u00e7al\u0131\u015fmalar\u0131n \u00e7ok g\u00fczel bir \u015fekilde ge\u00e7ti\u011fini dile getirerek, \u201c\u015eu anda ekipler \u00e7al\u0131\u015fmalar\u0131n\u0131 bitirmi\u015f durumdalar. Hemen hemen b\u00fct\u00fcn sokaklar\u0131m\u0131z, caddelerimiz yenilendi. \u00c7ok memnunuz. Daha \u00f6nce i\u00e7me suyumuzda b\u00fcy\u00fck bir ar\u0131za vard\u0131. Her soka\u011f\u0131m\u0131zda g\u00fcn i\u00e7inde 10 tane patla\u011f\u0131m\u0131z oluyordu. Sokaklar\u0131m\u0131z k\u00f6stebek yuvas\u0131 gibiydi. \u00d6nce alt yap\u0131 \u00e7al\u0131\u015fmalar\u0131 ger\u00e7ekle\u015ftirildi. \u015eimdi de sokaklar\u0131m\u0131za parke ta\u015f\u0131 d\u00f6\u015fendi. \u015eu anda sokaklar\u0131m\u0131z \u00e7ok g\u00fczel. Ferdi Ba\u015fkan\u0131m\u0131za te\u015fekk\u00fcr ederiz. Bu \u00e7al\u0131\u015fmalar Zeytinliova\u2019ya g\u00fczel bir katk\u0131 oldu\u201d ifadelerini kulland\u0131.<br \/><\/p>\n","protected":false},"excerpt":{"rendered":"<p>\u0130l genelinde halk\u0131n ihtiya\u00e7lar\u0131na y\u00f6nelik \u00e7al\u0131\u015fmalar\u0131n\u0131 s\u00fcrd\u00fcren Manisa B\u00fcy\u00fck\u015fehir Belediyesi, mahallelerde \u00fcst yap\u0131 \u00e7al\u0131\u015fmalar\u0131na ara vermeden devam ediyor. Akhisar\u2019a ba\u011fl\u0131 Zeytinliova Mahallesi\u2019nde y\u00fcr\u00fct\u00fclen \u00e7al\u0131\u015fmalar kapsam\u0131nda, 59 bin metrekare kilit parke ta\u015f\u0131 d\u00f6\u015fendi. Manisa B\u00fcy\u00fck\u015fehir Belediyesi, Manisa\u2019n\u0131n daha ya\u015fan\u0131labilir bir kent olmas\u0131 amac\u0131yla \u00e7al\u0131\u015fmalar\u0131n\u0131 aral\u0131ks\u0131z s\u00fcrd\u00fcr\u00fcyor. \u015eehrin d\u00f6rt bir yan\u0131nda ger\u00e7ekle\u015ftirilen \u00e7al\u0131\u015fmalarla daha \u00f6nce alt yap\u0131&#8230;<\/p>\n","protected":false},"author":1,"featured_media":13421,"comment_status":"open","ping_status":"open","sticky":false,"template":"","format":"standard","meta":{"_crdt_document":"","footnotes":""},"categories":[1],"tags":[],"class_list":["post-13420","post","type-post","status-publish","format-standard","has-post-thumbnail","hentry","category-guncel"],"_links":{"self":[{"href":"https:\/\/www.egemtv.com\/index.php?rest_route=\/wp\/v2\/posts\/13420","targetHints":{"allow":["GET"]}}],"collection":[{"href":"https:\/\/www.egemtv.com\/index.php?rest_route=\/wp\/v2\/posts"}],"about":[{"href":"https:\/\/www.egemtv.com\/index.php?rest_route=\/wp\/v2\/types\/post"}],"author":[{"embeddable":true,"href":"https:\/\/www.egemtv.com\/index.php?rest_route=\/wp\/v2\/users\/1"}],"replies":[{"embeddable":true,"href":"https:\/\/www.egemtv.com\/index.php?rest_route=%2Fwp%2Fv2%2Fcomments&post=13420"}],"version-history":[{"count":1,"href":"https:\/\/www.egemtv.com\/index.php?rest_route=\/wp\/v2\/posts\/13420\/revisions"}],"predecessor-version":[{"id":13422,"href":"https:\/\/www.egemtv.com\/index.php?rest_route=\/wp\/v2\/posts\/13420\/revisions\/13422"}],"wp:featuredmedia":[{"embeddable":true,"href":"https:\/\/www.egemtv.com\/index.php?rest_route=\/wp\/v2\/media\/13421"}],"wp:attachment":[{"href":"https:\/\/www.egemtv.com\/index.php?rest_route=%2Fwp%2Fv2%2Fmedia&parent=13420"}],"wp:term":[{"taxonomy":"category","embeddable":true,"href":"https:\/\/www.egemtv.com\/index.php?rest_route=%2Fwp%2Fv2%2Fcategories&post=13420"},{"taxonomy":"post_tag","embeddable":true,"href":"https:\/\/www.egemtv.com\/index.php?rest_route=%2Fwp%2Fv2%2Ftags&post=13420"}],"curies":[{"name":"wp","href":"https:\/\/api.w.org\/{rel}","templated":true}]}}